{"id":1011,"date":"2013-03-27T18:15:25","date_gmt":"2013-03-27T18:15:25","guid":{"rendered":"http:\/\/ecliente2.com.br\/site\/?p=1011"},"modified":"2013-03-27T18:30:20","modified_gmt":"2013-03-27T18:30:20","slug":"sistema-de-gestao-de-eventos-e-batizado-de-siefor","status":"publish","type":"post","link":"https:\/\/ecliente2.com.br\/site\/sistema-de-gestao-de-eventos-e-batizado-de-siefor\/","title":{"rendered":"Sistema de Gest\u00e3o de Eventos \u00e9 batizado de SIEFOR"},"content":{"rendered":"<p>Dar um nome a um filho \u00e9 uma das etapas mais importantes na vida de uma fam\u00edlia. Na eCliente um dos nossos filhos, o Sistema de Gest\u00e3o de Eventos e Formaturas, ganhou oficialmente seu nome, agora ele se chama SIEFOR, Sistema Integrado de Eventos e Formaturas, um nome forte e marcante, para representar esta ferramenta que est\u00e1 ganhando mercado e crescendo expressivamente, tanto em recursos quanto em usu\u00e1rios.<\/p>\n<p>Agora nosso foco est\u00e1 no F\u00f3rum de Formatura, no Evento Fotografar 2013. A eCliente participar\u00e1 da mesa redonda discutindo sobre o mercado de softwares da \u00e1rea de gest\u00e3o de eventos.<\/p>\n<p><a href=\"http:\/\/www.feirafotografar.com.br\/\">http:\/\/www.feirafotografar.com.br\/<\/a><\/p>\n","protected":false},"excerpt":{"rendered":"<p>Dar um nome a um filho \u00e9 uma das etapas mais importantes na vida de uma fam\u00edlia. Na eCliente um dos nossos filhos, o Sistema de Gest\u00e3o de Eventos e Formaturas, ganhou oficialmente seu nome, agora ele se chama SIEFOR, Sistema Integrado de Eventos e Formaturas, um nome forte e marcante, para representar esta ferramenta [&hellip;]<\/p>\n","protected":false},"author":2,"featured_media":0,"comment_status":"open","ping_status":"closed","sticky":false,"template":"","format":"standard","meta":{"_acf_changed":false,"footnotes":""},"categories":[1],"tags":[],"class_list":["post-1011","post","type-post","status-publish","format-standard","hentry","category-blog"],"acf":[],"yoast_head":"<!-- This site is optimized with the Yoast SEO plugin v27.5 - https:\/\/yoast.com\/product\/yoast-seo-wordpress\/ -->\n<title>Sistema de Gest\u00e3o de Eventos \u00e9 batizado de SIEFOR - eCliente Desenvolvimento de Sites e Marketing Digital<\/title>\n<meta name=\"robots\" content=\"index, follow, max-snippet:-1, max-image-preview:large, max-video-preview:-1\" \/>\n<link rel=\"canonical\" href=\"https:\/\/ecliente2.com.br\/site\/sistema-de-gestao-de-eventos-e-batizado-de-siefor\/\" \/>\n<meta property=\"og:locale\" content=\"pt_BR\" \/>\n<meta property=\"og:type\" content=\"article\" \/>\n<meta property=\"og:title\" content=\"Sistema de Gest\u00e3o de Eventos \u00e9 batizado de SIEFOR - eCliente Desenvolvimento de Sites e Marketing Digital\" \/>\n<meta property=\"og:description\" content=\"Dar um nome a um filho \u00e9 uma das etapas mais importantes na vida de uma fam\u00edlia. Na eCliente um dos nossos filhos, o Sistema de Gest\u00e3o de Eventos e Formaturas, ganhou oficialmente seu nome, agora ele se chama SIEFOR, Sistema Integrado de Eventos e Formaturas, um nome forte e marcante, para representar esta ferramenta [&hellip;]\" \/>\n<meta property=\"og:url\" content=\"https:\/\/ecliente2.com.br\/site\/sistema-de-gestao-de-eventos-e-batizado-de-siefor\/\" \/>\n<meta property=\"og:site_name\" content=\"eCliente Desenvolvimento de Sites e Marketing Digital\" \/>\n<meta property=\"article:publisher\" content=\"https:\/\/www.facebook.com\/ecliente\" \/>\n<meta property=\"article:published_time\" content=\"2013-03-27T18:15:25+00:00\" \/>\n<meta property=\"article:modified_time\" content=\"2013-03-27T18:30:20+00:00\" \/>\n<meta name=\"author\" content=\"Gustavo\" \/>\n<meta name=\"twitter:label1\" content=\"Escrito por\" \/>\n\t<meta name=\"twitter:data1\" content=\"Gustavo\" \/>\n\t<meta name=\"twitter:label2\" content=\"Est. tempo de leitura\" \/>\n\t<meta name=\"twitter:data2\" content=\"1 minuto\" \/>\n<script type=\"application\/ld+json\" class=\"yoast-schema-graph\">{\"@context\":\"https:\\\/\\\/schema.org\",\"@graph\":[{\"@type\":\"Article\",\"@id\":\"https:\\\/\\\/ecliente2.com.br\\\/site\\\/sistema-de-gestao-de-eventos-e-batizado-de-siefor\\\/#article\",\"isPartOf\":{\"@id\":\"https:\\\/\\\/ecliente2.com.br\\\/site\\\/sistema-de-gestao-de-eventos-e-batizado-de-siefor\\\/\"},\"author\":{\"name\":\"Gustavo\",\"@id\":\"https:\\\/\\\/ecliente2.com.br\\\/site\\\/#\\\/schema\\\/person\\\/76d2c3c71a8618e6b9d05975d18a367a\"},\"headline\":\"Sistema de Gest\u00e3o de Eventos \u00e9 batizado de SIEFOR\",\"datePublished\":\"2013-03-27T18:15:25+00:00\",\"dateModified\":\"2013-03-27T18:30:20+00:00\",\"mainEntityOfPage\":{\"@id\":\"https:\\\/\\\/ecliente2.com.br\\\/site\\\/sistema-de-gestao-de-eventos-e-batizado-de-siefor\\\/\"},\"wordCount\":115,\"commentCount\":0,\"articleSection\":[\"Blog\"],\"inLanguage\":\"pt-BR\",\"potentialAction\":[{\"@type\":\"CommentAction\",\"name\":\"Comment\",\"target\":[\"https:\\\/\\\/ecliente2.com.br\\\/site\\\/sistema-de-gestao-de-eventos-e-batizado-de-siefor\\\/#respond\"]}]},{\"@type\":\"WebPage\",\"@id\":\"https:\\\/\\\/ecliente2.com.br\\\/site\\\/sistema-de-gestao-de-eventos-e-batizado-de-siefor\\\/\",\"url\":\"https:\\\/\\\/ecliente2.com.br\\\/site\\\/sistema-de-gestao-de-eventos-e-batizado-de-siefor\\\/\",\"name\":\"Sistema de Gest\u00e3o de Eventos \u00e9 batizado de SIEFOR - eCliente Desenvolvimento de Sites e Marketing Digital\",\"isPartOf\":{\"@id\":\"https:\\\/\\\/ecliente2.com.br\\\/site\\\/#website\"},\"datePublished\":\"2013-03-27T18:15:25+00:00\",\"dateModified\":\"2013-03-27T18:30:20+00:00\",\"author\":{\"@id\":\"https:\\\/\\\/ecliente2.com.br\\\/site\\\/#\\\/schema\\\/person\\\/76d2c3c71a8618e6b9d05975d18a367a\"},\"breadcrumb\":{\"@id\":\"https:\\\/\\\/ecliente2.com.br\\\/site\\\/sistema-de-gestao-de-eventos-e-batizado-de-siefor\\\/#breadcrumb\"},\"inLanguage\":\"pt-BR\",\"potentialAction\":[{\"@type\":\"ReadAction\",\"target\":[\"https:\\\/\\\/ecliente2.com.br\\\/site\\\/sistema-de-gestao-de-eventos-e-batizado-de-siefor\\\/\"]}]},{\"@type\":\"BreadcrumbList\",\"@id\":\"https:\\\/\\\/ecliente2.com.br\\\/site\\\/sistema-de-gestao-de-eventos-e-batizado-de-siefor\\\/#breadcrumb\",\"itemListElement\":[{\"@type\":\"ListItem\",\"position\":1,\"name\":\"In\u00edcio\",\"item\":\"https:\\\/\\\/ecliente2.com.br\\\/site\\\/\"},{\"@type\":\"ListItem\",\"position\":2,\"name\":\"Sistema de Gest\u00e3o de Eventos \u00e9 batizado de SIEFOR\"}]},{\"@type\":\"WebSite\",\"@id\":\"https:\\\/\\\/ecliente2.com.br\\\/site\\\/#website\",\"url\":\"https:\\\/\\\/ecliente2.com.br\\\/site\\\/\",\"name\":\"eCliente Desenvolvimento de Sites e Marketing Digital\",\"description\":\"Desenvolvimento de Sites e Software\",\"potentialAction\":[{\"@type\":\"SearchAction\",\"target\":{\"@type\":\"EntryPoint\",\"urlTemplate\":\"https:\\\/\\\/ecliente2.com.br\\\/site\\\/?s={search_term_string}\"},\"query-input\":{\"@type\":\"PropertyValueSpecification\",\"valueRequired\":true,\"valueName\":\"search_term_string\"}}],\"inLanguage\":\"pt-BR\"},{\"@type\":\"Person\",\"@id\":\"https:\\\/\\\/ecliente2.com.br\\\/site\\\/#\\\/schema\\\/person\\\/76d2c3c71a8618e6b9d05975d18a367a\",\"name\":\"Gustavo\",\"image\":{\"@type\":\"ImageObject\",\"inLanguage\":\"pt-BR\",\"@id\":\"https:\\\/\\\/secure.gravatar.com\\\/avatar\\\/12f7f6f94781037a850f5584361f6ed6a96a78bcab85748aaec76a511fc688e4?s=96&d=mm&r=g\",\"url\":\"https:\\\/\\\/secure.gravatar.com\\\/avatar\\\/12f7f6f94781037a850f5584361f6ed6a96a78bcab85748aaec76a511fc688e4?s=96&d=mm&r=g\",\"contentUrl\":\"https:\\\/\\\/secure.gravatar.com\\\/avatar\\\/12f7f6f94781037a850f5584361f6ed6a96a78bcab85748aaec76a511fc688e4?s=96&d=mm&r=g\",\"caption\":\"Gustavo\"},\"description\":\"Diretor e fundador da eCliente Tecnologia da Informa\u00e7\u00e3o. Atua na \u00e1rea de desenvolvimento de sistemas e estrat\u00e9gias em Marketing Digital. Foi professor de cursos de Gradua\u00e7\u00e3o e P\u00f3s Gradua\u00e7\u00e3o na \u00e1rea de Sistemas de Informa\u00e7\u00e3o e Administra\u00e7\u00e3o. https:\\\/\\\/www.instagram.com\\\/50bem\",\"url\":\"https:\\\/\\\/ecliente2.com.br\\\/site\\\/author\\\/admin\\\/\"}]}<\/script>\n<!-- \/ Yoast SEO plugin. -->","yoast_head_json":{"title":"Sistema de Gest\u00e3o de Eventos \u00e9 batizado de SIEFOR - eCliente Desenvolvimento de Sites e Marketing Digital","robots":{"index":"index","follow":"follow","max-snippet":"max-snippet:-1","max-image-preview":"max-image-preview:large","max-video-preview":"max-video-preview:-1"},"canonical":"https:\/\/ecliente2.com.br\/site\/sistema-de-gestao-de-eventos-e-batizado-de-siefor\/","og_locale":"pt_BR","og_type":"article","og_title":"Sistema de Gest\u00e3o de Eventos \u00e9 batizado de SIEFOR - eCliente Desenvolvimento de Sites e Marketing Digital","og_description":"Dar um nome a um filho \u00e9 uma das etapas mais importantes na vida de uma fam\u00edlia. Na eCliente um dos nossos filhos, o Sistema de Gest\u00e3o de Eventos e Formaturas, ganhou oficialmente seu nome, agora ele se chama SIEFOR, Sistema Integrado de Eventos e Formaturas, um nome forte e marcante, para representar esta ferramenta [&hellip;]","og_url":"https:\/\/ecliente2.com.br\/site\/sistema-de-gestao-de-eventos-e-batizado-de-siefor\/","og_site_name":"eCliente Desenvolvimento de Sites e Marketing Digital","article_publisher":"https:\/\/www.facebook.com\/ecliente","article_published_time":"2013-03-27T18:15:25+00:00","article_modified_time":"2013-03-27T18:30:20+00:00","author":"Gustavo","twitter_misc":{"Escrito por":"Gustavo","Est. tempo de leitura":"1 minuto"},"schema":{"@context":"https:\/\/schema.org","@graph":[{"@type":"Article","@id":"https:\/\/ecliente2.com.br\/site\/sistema-de-gestao-de-eventos-e-batizado-de-siefor\/#article","isPartOf":{"@id":"https:\/\/ecliente2.com.br\/site\/sistema-de-gestao-de-eventos-e-batizado-de-siefor\/"},"author":{"name":"Gustavo","@id":"https:\/\/ecliente2.com.br\/site\/#\/schema\/person\/76d2c3c71a8618e6b9d05975d18a367a"},"headline":"Sistema de Gest\u00e3o de Eventos \u00e9 batizado de SIEFOR","datePublished":"2013-03-27T18:15:25+00:00","dateModified":"2013-03-27T18:30:20+00:00","mainEntityOfPage":{"@id":"https:\/\/ecliente2.com.br\/site\/sistema-de-gestao-de-eventos-e-batizado-de-siefor\/"},"wordCount":115,"commentCount":0,"articleSection":["Blog"],"inLanguage":"pt-BR","potentialAction":[{"@type":"CommentAction","name":"Comment","target":["https:\/\/ecliente2.com.br\/site\/sistema-de-gestao-de-eventos-e-batizado-de-siefor\/#respond"]}]},{"@type":"WebPage","@id":"https:\/\/ecliente2.com.br\/site\/sistema-de-gestao-de-eventos-e-batizado-de-siefor\/","url":"https:\/\/ecliente2.com.br\/site\/sistema-de-gestao-de-eventos-e-batizado-de-siefor\/","name":"Sistema de Gest\u00e3o de Eventos \u00e9 batizado de SIEFOR - eCliente Desenvolvimento de Sites e Marketing Digital","isPartOf":{"@id":"https:\/\/ecliente2.com.br\/site\/#website"},"datePublished":"2013-03-27T18:15:25+00:00","dateModified":"2013-03-27T18:30:20+00:00","author":{"@id":"https:\/\/ecliente2.com.br\/site\/#\/schema\/person\/76d2c3c71a8618e6b9d05975d18a367a"},"breadcrumb":{"@id":"https:\/\/ecliente2.com.br\/site\/sistema-de-gestao-de-eventos-e-batizado-de-siefor\/#breadcrumb"},"inLanguage":"pt-BR","potentialAction":[{"@type":"ReadAction","target":["https:\/\/ecliente2.com.br\/site\/sistema-de-gestao-de-eventos-e-batizado-de-siefor\/"]}]},{"@type":"BreadcrumbList","@id":"https:\/\/ecliente2.com.br\/site\/sistema-de-gestao-de-eventos-e-batizado-de-siefor\/#breadcrumb","itemListElement":[{"@type":"ListItem","position":1,"name":"In\u00edcio","item":"https:\/\/ecliente2.com.br\/site\/"},{"@type":"ListItem","position":2,"name":"Sistema de Gest\u00e3o de Eventos \u00e9 batizado de SIEFOR"}]},{"@type":"WebSite","@id":"https:\/\/ecliente2.com.br\/site\/#website","url":"https:\/\/ecliente2.com.br\/site\/","name":"eCliente Desenvolvimento de Sites e Marketing Digital","description":"Desenvolvimento de Sites e Software","potentialAction":[{"@type":"SearchAction","target":{"@type":"EntryPoint","urlTemplate":"https:\/\/ecliente2.com.br\/site\/?s={search_term_string}"},"query-input":{"@type":"PropertyValueSpecification","valueRequired":true,"valueName":"search_term_string"}}],"inLanguage":"pt-BR"},{"@type":"Person","@id":"https:\/\/ecliente2.com.br\/site\/#\/schema\/person\/76d2c3c71a8618e6b9d05975d18a367a","name":"Gustavo","image":{"@type":"ImageObject","inLanguage":"pt-BR","@id":"https:\/\/secure.gravatar.com\/avatar\/12f7f6f94781037a850f5584361f6ed6a96a78bcab85748aaec76a511fc688e4?s=96&d=mm&r=g","url":"https:\/\/secure.gravatar.com\/avatar\/12f7f6f94781037a850f5584361f6ed6a96a78bcab85748aaec76a511fc688e4?s=96&d=mm&r=g","contentUrl":"https:\/\/secure.gravatar.com\/avatar\/12f7f6f94781037a850f5584361f6ed6a96a78bcab85748aaec76a511fc688e4?s=96&d=mm&r=g","caption":"Gustavo"},"description":"Diretor e fundador da eCliente Tecnologia da Informa\u00e7\u00e3o. Atua na \u00e1rea de desenvolvimento de sistemas e estrat\u00e9gias em Marketing Digital. Foi professor de cursos de Gradua\u00e7\u00e3o e P\u00f3s Gradua\u00e7\u00e3o na \u00e1rea de Sistemas de Informa\u00e7\u00e3o e Administra\u00e7\u00e3o. https:\/\/www.instagram.com\/50bem","url":"https:\/\/ecliente2.com.br\/site\/author\/admin\/"}]}},"_links":{"self":[{"href":"https:\/\/ecliente2.com.br\/site\/wp-json\/wp\/v2\/posts\/1011","targetHints":{"allow":["GET"]}}],"collection":[{"href":"https:\/\/ecliente2.com.br\/site\/wp-json\/wp\/v2\/posts"}],"about":[{"href":"https:\/\/ecliente2.com.br\/site\/wp-json\/wp\/v2\/types\/post"}],"author":[{"embeddable":true,"href":"https:\/\/ecliente2.com.br\/site\/wp-json\/wp\/v2\/users\/2"}],"replies":[{"embeddable":true,"href":"https:\/\/ecliente2.com.br\/site\/wp-json\/wp\/v2\/comments?post=1011"}],"version-history":[{"count":3,"href":"https:\/\/ecliente2.com.br\/site\/wp-json\/wp\/v2\/posts\/1011\/revisions"}],"predecessor-version":[{"id":1014,"href":"https:\/\/ecliente2.com.br\/site\/wp-json\/wp\/v2\/posts\/1011\/revisions\/1014"}],"wp:attachment":[{"href":"https:\/\/ecliente2.com.br\/site\/wp-json\/wp\/v2\/media?parent=1011"}],"wp:term":[{"taxonomy":"category","embeddable":true,"href":"https:\/\/ecliente2.com.br\/site\/wp-json\/wp\/v2\/categories?post=1011"},{"taxonomy":"post_tag","embeddable":true,"href":"https:\/\/ecliente2.com.br\/site\/wp-json\/wp\/v2\/tags?post=1011"}],"curies":[{"name":"wp","href":"https:\/\/api.w.org\/{rel}","templated":true}]}}