{"id":1152,"date":"2013-11-04T15:53:37","date_gmt":"2013-11-04T15:53:37","guid":{"rendered":"http:\/\/ecliente2.com.br\/site\/?p=1152"},"modified":"2013-11-04T15:53:37","modified_gmt":"2013-11-04T15:53:37","slug":"identidade-visual-sistema-gestao-qualidade-modus-manager","status":"publish","type":"post","link":"https:\/\/ecliente2.com.br\/site\/identidade-visual-sistema-gestao-qualidade-modus-manager\/","title":{"rendered":"Nova identidade visual para o sistema de gest\u00e3o da qualidade Modus Manager"},"content":{"rendered":"<p>A nova identidade visual do Modus Manager, desenvolvida por Bruno Chacon, teve sua origem em um trabalho acad\u00eamido de p\u00f3s-gradua\u00e7\u00e3o, cuja proposta seria trabalhar com o redesign de uma marca j\u00e1 existente e atuante no mercado, nas finalidades de transmitir melhor conceito e agregar valores \u00e0 empresa, fatos estes, decorrentes da apresenta\u00e7\u00e3o e utiliza\u00e7\u00e3o da nova marca.<\/p>\n<p><a href=\"http:\/\/ecliente2.com.br\/site\/wp-content\/uploads\/2013\/11\/mm2.png\"><img decoding=\"async\" class=\"aligncenter size-medium wp-image-1153\" alt=\"mm2\" src=\"http:\/\/ecliente2.com.br\/site\/wp-content\/uploads\/2013\/11\/mm2-300x116.png\" width=\"300\" height=\"116\" srcset=\"https:\/\/ecliente2.com.br\/site\/wp-content\/uploads\/2013\/11\/mm2-300x116.png 300w, https:\/\/ecliente2.com.br\/site\/wp-content\/uploads\/2013\/11\/mm2.png 842w\" sizes=\"(max-width: 300px) 100vw, 300px\" \/><\/a><\/p>\n<p>Para expressar os conceitos e fun\u00e7\u00f5es b\u00e1sicas exercidas pelo sistema Modus Manager, foi estudado o mercado atuante e um novo padr\u00e3o modular para dar consist\u00eancia e equil\u00edbrio \u00e0 nova marca.<\/p>\n<p>Por se tratar de um sistema desenvolvido exclusivamente para a gest\u00e3o da qualidade, foi levantada a necessidade de representa\u00e7\u00e3o espec\u00edfica do segmento atuante atrav\u00e9s da semiologia, respons\u00e1vel pelo estudo dos signos \u2013 e melhor compreendida pela tr\u00edade semi\u00f3tica de Pierce como Signo, Significante e Significado.<\/p>\n<p>Foram utilizadas duas circunfer\u00eancias com o mesmo ponto central de raio, por\u00e9m com dimens\u00f5es diferentes. Ainda na circunfer\u00eancia de raio maior, foi subtra\u00edda uma parte da \u00e1rea obtida por um ret\u00e2ngulo com altura equivalente ao di\u00e2metro da circunfer\u00eancia menor, criando assim, uma \u00e1rea negativa, tornando poss\u00edvel observar\u00a0 a silhueta de uma lupa e tamb\u00e9m da letra \u201cQ\u201d \u2013 Qualidade.<\/p>\n<p>Na \u00e1rea positiva, preenchida por cores, pode ser feita a alus\u00e3o \u00e0 iris do olho humano e tamb\u00e9m \u00e0 uma imagem de alvo \u2013 indicando precis\u00e3o e exatid\u00e3o nas execu\u00e7\u00f5es de processos e atividade.<\/p>\n<p>&nbsp;<\/p>\n","protected":false},"excerpt":{"rendered":"<p>A nova identidade visual do Modus Manager, desenvolvida por Bruno Chacon, teve sua origem em um trabalho acad\u00eamido de p\u00f3s-gradua\u00e7\u00e3o, cuja proposta seria trabalhar com o redesign de uma marca j\u00e1 existente e atuante no mercado, nas finalidades de transmitir melhor conceito e agregar valores \u00e0 empresa, fatos estes, decorrentes da apresenta\u00e7\u00e3o e utiliza\u00e7\u00e3o da [&hellip;]<\/p>\n","protected":false},"author":2,"featured_media":0,"comment_status":"open","ping_status":"closed","sticky":false,"template":"","format":"standard","meta":{"_acf_changed":false,"footnotes":""},"categories":[1],"tags":[],"class_list":["post-1152","post","type-post","status-publish","format-standard","hentry","category-blog"],"acf":[],"yoast_head":"<!-- This site is optimized with the Yoast SEO plugin v27.5 - https:\/\/yoast.com\/product\/yoast-seo-wordpress\/ -->\n<title>Nova identidade visual para o sistema de gest\u00e3o da qualidade Modus Manager - eCliente Desenvolvimento de Sites e Marketing Digital<\/title>\n<meta name=\"robots\" content=\"index, follow, max-snippet:-1, max-image-preview:large, max-video-preview:-1\" \/>\n<link rel=\"canonical\" href=\"https:\/\/ecliente2.com.br\/site\/identidade-visual-sistema-gestao-qualidade-modus-manager\/\" \/>\n<meta property=\"og:locale\" content=\"pt_BR\" \/>\n<meta property=\"og:type\" content=\"article\" \/>\n<meta property=\"og:title\" content=\"Nova identidade visual para o sistema de gest\u00e3o da qualidade Modus Manager - eCliente Desenvolvimento de Sites e Marketing Digital\" \/>\n<meta property=\"og:description\" content=\"A nova identidade visual do Modus Manager, desenvolvida por Bruno Chacon, teve sua origem em um trabalho acad\u00eamido de p\u00f3s-gradua\u00e7\u00e3o, cuja proposta seria trabalhar com o redesign de uma marca j\u00e1 existente e atuante no mercado, nas finalidades de transmitir melhor conceito e agregar valores \u00e0 empresa, fatos estes, decorrentes da apresenta\u00e7\u00e3o e utiliza\u00e7\u00e3o da [&hellip;]\" \/>\n<meta property=\"og:url\" content=\"https:\/\/ecliente2.com.br\/site\/identidade-visual-sistema-gestao-qualidade-modus-manager\/\" \/>\n<meta property=\"og:site_name\" content=\"eCliente Desenvolvimento de Sites e Marketing Digital\" \/>\n<meta property=\"article:publisher\" content=\"https:\/\/www.facebook.com\/ecliente\" \/>\n<meta property=\"article:published_time\" content=\"2013-11-04T15:53:37+00:00\" \/>\n<meta property=\"og:image\" content=\"http:\/\/ecliente2.com.br\/site\/wp-content\/uploads\/2013\/11\/mm2-300x116.png\" \/>\n<meta name=\"author\" content=\"Gustavo\" \/>\n<meta name=\"twitter:label1\" content=\"Escrito por\" \/>\n\t<meta name=\"twitter:data1\" content=\"Gustavo\" \/>\n\t<meta name=\"twitter:label2\" content=\"Est. tempo de leitura\" \/>\n\t<meta name=\"twitter:data2\" content=\"1 minuto\" \/>\n<script type=\"application\/ld+json\" class=\"yoast-schema-graph\">{\"@context\":\"https:\\\/\\\/schema.org\",\"@graph\":[{\"@type\":\"Article\",\"@id\":\"https:\\\/\\\/ecliente2.com.br\\\/site\\\/identidade-visual-sistema-gestao-qualidade-modus-manager\\\/#article\",\"isPartOf\":{\"@id\":\"https:\\\/\\\/ecliente2.com.br\\\/site\\\/identidade-visual-sistema-gestao-qualidade-modus-manager\\\/\"},\"author\":{\"name\":\"Gustavo\",\"@id\":\"https:\\\/\\\/ecliente2.com.br\\\/site\\\/#\\\/schema\\\/person\\\/76d2c3c71a8618e6b9d05975d18a367a\"},\"headline\":\"Nova identidade visual para o sistema de gest\u00e3o da qualidade Modus Manager\",\"datePublished\":\"2013-11-04T15:53:37+00:00\",\"mainEntityOfPage\":{\"@id\":\"https:\\\/\\\/ecliente2.com.br\\\/site\\\/identidade-visual-sistema-gestao-qualidade-modus-manager\\\/\"},\"wordCount\":264,\"commentCount\":0,\"image\":{\"@id\":\"https:\\\/\\\/ecliente2.com.br\\\/site\\\/identidade-visual-sistema-gestao-qualidade-modus-manager\\\/#primaryimage\"},\"thumbnailUrl\":\"http:\\\/\\\/ecliente2.com.br\\\/site\\\/wp-content\\\/uploads\\\/2013\\\/11\\\/mm2-300x116.png\",\"articleSection\":[\"Blog\"],\"inLanguage\":\"pt-BR\",\"potentialAction\":[{\"@type\":\"CommentAction\",\"name\":\"Comment\",\"target\":[\"https:\\\/\\\/ecliente2.com.br\\\/site\\\/identidade-visual-sistema-gestao-qualidade-modus-manager\\\/#respond\"]}]},{\"@type\":\"WebPage\",\"@id\":\"https:\\\/\\\/ecliente2.com.br\\\/site\\\/identidade-visual-sistema-gestao-qualidade-modus-manager\\\/\",\"url\":\"https:\\\/\\\/ecliente2.com.br\\\/site\\\/identidade-visual-sistema-gestao-qualidade-modus-manager\\\/\",\"name\":\"Nova identidade visual para o sistema de gest\u00e3o da qualidade Modus Manager - eCliente Desenvolvimento de Sites e Marketing Digital\",\"isPartOf\":{\"@id\":\"https:\\\/\\\/ecliente2.com.br\\\/site\\\/#website\"},\"primaryImageOfPage\":{\"@id\":\"https:\\\/\\\/ecliente2.com.br\\\/site\\\/identidade-visual-sistema-gestao-qualidade-modus-manager\\\/#primaryimage\"},\"image\":{\"@id\":\"https:\\\/\\\/ecliente2.com.br\\\/site\\\/identidade-visual-sistema-gestao-qualidade-modus-manager\\\/#primaryimage\"},\"thumbnailUrl\":\"http:\\\/\\\/ecliente2.com.br\\\/site\\\/wp-content\\\/uploads\\\/2013\\\/11\\\/mm2-300x116.png\",\"datePublished\":\"2013-11-04T15:53:37+00:00\",\"author\":{\"@id\":\"https:\\\/\\\/ecliente2.com.br\\\/site\\\/#\\\/schema\\\/person\\\/76d2c3c71a8618e6b9d05975d18a367a\"},\"breadcrumb\":{\"@id\":\"https:\\\/\\\/ecliente2.com.br\\\/site\\\/identidade-visual-sistema-gestao-qualidade-modus-manager\\\/#breadcrumb\"},\"inLanguage\":\"pt-BR\",\"potentialAction\":[{\"@type\":\"ReadAction\",\"target\":[\"https:\\\/\\\/ecliente2.com.br\\\/site\\\/identidade-visual-sistema-gestao-qualidade-modus-manager\\\/\"]}]},{\"@type\":\"ImageObject\",\"inLanguage\":\"pt-BR\",\"@id\":\"https:\\\/\\\/ecliente2.com.br\\\/site\\\/identidade-visual-sistema-gestao-qualidade-modus-manager\\\/#primaryimage\",\"url\":\"http:\\\/\\\/ecliente2.com.br\\\/site\\\/wp-content\\\/uploads\\\/2013\\\/11\\\/mm2-300x116.png\",\"contentUrl\":\"http:\\\/\\\/ecliente2.com.br\\\/site\\\/wp-content\\\/uploads\\\/2013\\\/11\\\/mm2-300x116.png\"},{\"@type\":\"BreadcrumbList\",\"@id\":\"https:\\\/\\\/ecliente2.com.br\\\/site\\\/identidade-visual-sistema-gestao-qualidade-modus-manager\\\/#breadcrumb\",\"itemListElement\":[{\"@type\":\"ListItem\",\"position\":1,\"name\":\"In\u00edcio\",\"item\":\"https:\\\/\\\/ecliente2.com.br\\\/site\\\/\"},{\"@type\":\"ListItem\",\"position\":2,\"name\":\"Nova identidade visual para o sistema de gest\u00e3o da qualidade Modus Manager\"}]},{\"@type\":\"WebSite\",\"@id\":\"https:\\\/\\\/ecliente2.com.br\\\/site\\\/#website\",\"url\":\"https:\\\/\\\/ecliente2.com.br\\\/site\\\/\",\"name\":\"eCliente Desenvolvimento de Sites e Marketing Digital\",\"description\":\"Desenvolvimento de Sites e Software\",\"potentialAction\":[{\"@type\":\"SearchAction\",\"target\":{\"@type\":\"EntryPoint\",\"urlTemplate\":\"https:\\\/\\\/ecliente2.com.br\\\/site\\\/?s={search_term_string}\"},\"query-input\":{\"@type\":\"PropertyValueSpecification\",\"valueRequired\":true,\"valueName\":\"search_term_string\"}}],\"inLanguage\":\"pt-BR\"},{\"@type\":\"Person\",\"@id\":\"https:\\\/\\\/ecliente2.com.br\\\/site\\\/#\\\/schema\\\/person\\\/76d2c3c71a8618e6b9d05975d18a367a\",\"name\":\"Gustavo\",\"image\":{\"@type\":\"ImageObject\",\"inLanguage\":\"pt-BR\",\"@id\":\"https:\\\/\\\/secure.gravatar.com\\\/avatar\\\/12f7f6f94781037a850f5584361f6ed6a96a78bcab85748aaec76a511fc688e4?s=96&d=mm&r=g\",\"url\":\"https:\\\/\\\/secure.gravatar.com\\\/avatar\\\/12f7f6f94781037a850f5584361f6ed6a96a78bcab85748aaec76a511fc688e4?s=96&d=mm&r=g\",\"contentUrl\":\"https:\\\/\\\/secure.gravatar.com\\\/avatar\\\/12f7f6f94781037a850f5584361f6ed6a96a78bcab85748aaec76a511fc688e4?s=96&d=mm&r=g\",\"caption\":\"Gustavo\"},\"description\":\"Diretor e fundador da eCliente Tecnologia da Informa\u00e7\u00e3o. Atua na \u00e1rea de desenvolvimento de sistemas e estrat\u00e9gias em Marketing Digital. Foi professor de cursos de Gradua\u00e7\u00e3o e P\u00f3s Gradua\u00e7\u00e3o na \u00e1rea de Sistemas de Informa\u00e7\u00e3o e Administra\u00e7\u00e3o. https:\\\/\\\/www.instagram.com\\\/50bem\",\"url\":\"https:\\\/\\\/ecliente2.com.br\\\/site\\\/author\\\/admin\\\/\"}]}<\/script>\n<!-- \/ Yoast SEO plugin. -->","yoast_head_json":{"title":"Nova identidade visual para o sistema de gest\u00e3o da qualidade Modus Manager - eCliente Desenvolvimento de Sites e Marketing Digital","robots":{"index":"index","follow":"follow","max-snippet":"max-snippet:-1","max-image-preview":"max-image-preview:large","max-video-preview":"max-video-preview:-1"},"canonical":"https:\/\/ecliente2.com.br\/site\/identidade-visual-sistema-gestao-qualidade-modus-manager\/","og_locale":"pt_BR","og_type":"article","og_title":"Nova identidade visual para o sistema de gest\u00e3o da qualidade Modus Manager - eCliente Desenvolvimento de Sites e Marketing Digital","og_description":"A nova identidade visual do Modus Manager, desenvolvida por Bruno Chacon, teve sua origem em um trabalho acad\u00eamido de p\u00f3s-gradua\u00e7\u00e3o, cuja proposta seria trabalhar com o redesign de uma marca j\u00e1 existente e atuante no mercado, nas finalidades de transmitir melhor conceito e agregar valores \u00e0 empresa, fatos estes, decorrentes da apresenta\u00e7\u00e3o e utiliza\u00e7\u00e3o da [&hellip;]","og_url":"https:\/\/ecliente2.com.br\/site\/identidade-visual-sistema-gestao-qualidade-modus-manager\/","og_site_name":"eCliente Desenvolvimento de Sites e Marketing Digital","article_publisher":"https:\/\/www.facebook.com\/ecliente","article_published_time":"2013-11-04T15:53:37+00:00","og_image":[{"url":"http:\/\/ecliente2.com.br\/site\/wp-content\/uploads\/2013\/11\/mm2-300x116.png","type":"","width":"","height":""}],"author":"Gustavo","twitter_misc":{"Escrito por":"Gustavo","Est. tempo de leitura":"1 minuto"},"schema":{"@context":"https:\/\/schema.org","@graph":[{"@type":"Article","@id":"https:\/\/ecliente2.com.br\/site\/identidade-visual-sistema-gestao-qualidade-modus-manager\/#article","isPartOf":{"@id":"https:\/\/ecliente2.com.br\/site\/identidade-visual-sistema-gestao-qualidade-modus-manager\/"},"author":{"name":"Gustavo","@id":"https:\/\/ecliente2.com.br\/site\/#\/schema\/person\/76d2c3c71a8618e6b9d05975d18a367a"},"headline":"Nova identidade visual para o sistema de gest\u00e3o da qualidade Modus Manager","datePublished":"2013-11-04T15:53:37+00:00","mainEntityOfPage":{"@id":"https:\/\/ecliente2.com.br\/site\/identidade-visual-sistema-gestao-qualidade-modus-manager\/"},"wordCount":264,"commentCount":0,"image":{"@id":"https:\/\/ecliente2.com.br\/site\/identidade-visual-sistema-gestao-qualidade-modus-manager\/#primaryimage"},"thumbnailUrl":"http:\/\/ecliente2.com.br\/site\/wp-content\/uploads\/2013\/11\/mm2-300x116.png","articleSection":["Blog"],"inLanguage":"pt-BR","potentialAction":[{"@type":"CommentAction","name":"Comment","target":["https:\/\/ecliente2.com.br\/site\/identidade-visual-sistema-gestao-qualidade-modus-manager\/#respond"]}]},{"@type":"WebPage","@id":"https:\/\/ecliente2.com.br\/site\/identidade-visual-sistema-gestao-qualidade-modus-manager\/","url":"https:\/\/ecliente2.com.br\/site\/identidade-visual-sistema-gestao-qualidade-modus-manager\/","name":"Nova identidade visual para o sistema de gest\u00e3o da qualidade Modus Manager - eCliente Desenvolvimento de Sites e Marketing Digital","isPartOf":{"@id":"https:\/\/ecliente2.com.br\/site\/#website"},"primaryImageOfPage":{"@id":"https:\/\/ecliente2.com.br\/site\/identidade-visual-sistema-gestao-qualidade-modus-manager\/#primaryimage"},"image":{"@id":"https:\/\/ecliente2.com.br\/site\/identidade-visual-sistema-gestao-qualidade-modus-manager\/#primaryimage"},"thumbnailUrl":"http:\/\/ecliente2.com.br\/site\/wp-content\/uploads\/2013\/11\/mm2-300x116.png","datePublished":"2013-11-04T15:53:37+00:00","author":{"@id":"https:\/\/ecliente2.com.br\/site\/#\/schema\/person\/76d2c3c71a8618e6b9d05975d18a367a"},"breadcrumb":{"@id":"https:\/\/ecliente2.com.br\/site\/identidade-visual-sistema-gestao-qualidade-modus-manager\/#breadcrumb"},"inLanguage":"pt-BR","potentialAction":[{"@type":"ReadAction","target":["https:\/\/ecliente2.com.br\/site\/identidade-visual-sistema-gestao-qualidade-modus-manager\/"]}]},{"@type":"ImageObject","inLanguage":"pt-BR","@id":"https:\/\/ecliente2.com.br\/site\/identidade-visual-sistema-gestao-qualidade-modus-manager\/#primaryimage","url":"http:\/\/ecliente2.com.br\/site\/wp-content\/uploads\/2013\/11\/mm2-300x116.png","contentUrl":"http:\/\/ecliente2.com.br\/site\/wp-content\/uploads\/2013\/11\/mm2-300x116.png"},{"@type":"BreadcrumbList","@id":"https:\/\/ecliente2.com.br\/site\/identidade-visual-sistema-gestao-qualidade-modus-manager\/#breadcrumb","itemListElement":[{"@type":"ListItem","position":1,"name":"In\u00edcio","item":"https:\/\/ecliente2.com.br\/site\/"},{"@type":"ListItem","position":2,"name":"Nova identidade visual para o sistema de gest\u00e3o da qualidade Modus Manager"}]},{"@type":"WebSite","@id":"https:\/\/ecliente2.com.br\/site\/#website","url":"https:\/\/ecliente2.com.br\/site\/","name":"eCliente Desenvolvimento de Sites e Marketing Digital","description":"Desenvolvimento de Sites e Software","potentialAction":[{"@type":"SearchAction","target":{"@type":"EntryPoint","urlTemplate":"https:\/\/ecliente2.com.br\/site\/?s={search_term_string}"},"query-input":{"@type":"PropertyValueSpecification","valueRequired":true,"valueName":"search_term_string"}}],"inLanguage":"pt-BR"},{"@type":"Person","@id":"https:\/\/ecliente2.com.br\/site\/#\/schema\/person\/76d2c3c71a8618e6b9d05975d18a367a","name":"Gustavo","image":{"@type":"ImageObject","inLanguage":"pt-BR","@id":"https:\/\/secure.gravatar.com\/avatar\/12f7f6f94781037a850f5584361f6ed6a96a78bcab85748aaec76a511fc688e4?s=96&d=mm&r=g","url":"https:\/\/secure.gravatar.com\/avatar\/12f7f6f94781037a850f5584361f6ed6a96a78bcab85748aaec76a511fc688e4?s=96&d=mm&r=g","contentUrl":"https:\/\/secure.gravatar.com\/avatar\/12f7f6f94781037a850f5584361f6ed6a96a78bcab85748aaec76a511fc688e4?s=96&d=mm&r=g","caption":"Gustavo"},"description":"Diretor e fundador da eCliente Tecnologia da Informa\u00e7\u00e3o. Atua na \u00e1rea de desenvolvimento de sistemas e estrat\u00e9gias em Marketing Digital. Foi professor de cursos de Gradua\u00e7\u00e3o e P\u00f3s Gradua\u00e7\u00e3o na \u00e1rea de Sistemas de Informa\u00e7\u00e3o e Administra\u00e7\u00e3o. https:\/\/www.instagram.com\/50bem","url":"https:\/\/ecliente2.com.br\/site\/author\/admin\/"}]}},"_links":{"self":[{"href":"https:\/\/ecliente2.com.br\/site\/wp-json\/wp\/v2\/posts\/1152","targetHints":{"allow":["GET"]}}],"collection":[{"href":"https:\/\/ecliente2.com.br\/site\/wp-json\/wp\/v2\/posts"}],"about":[{"href":"https:\/\/ecliente2.com.br\/site\/wp-json\/wp\/v2\/types\/post"}],"author":[{"embeddable":true,"href":"https:\/\/ecliente2.com.br\/site\/wp-json\/wp\/v2\/users\/2"}],"replies":[{"embeddable":true,"href":"https:\/\/ecliente2.com.br\/site\/wp-json\/wp\/v2\/comments?post=1152"}],"version-history":[{"count":1,"href":"https:\/\/ecliente2.com.br\/site\/wp-json\/wp\/v2\/posts\/1152\/revisions"}],"predecessor-version":[{"id":1154,"href":"https:\/\/ecliente2.com.br\/site\/wp-json\/wp\/v2\/posts\/1152\/revisions\/1154"}],"wp:attachment":[{"href":"https:\/\/ecliente2.com.br\/site\/wp-json\/wp\/v2\/media?parent=1152"}],"wp:term":[{"taxonomy":"category","embeddable":true,"href":"https:\/\/ecliente2.com.br\/site\/wp-json\/wp\/v2\/categories?post=1152"},{"taxonomy":"post_tag","embeddable":true,"href":"https:\/\/ecliente2.com.br\/site\/wp-json\/wp\/v2\/tags?post=1152"}],"curies":[{"name":"wp","href":"https:\/\/api.w.org\/{rel}","templated":true}]}}