{"id":1326,"date":"2014-06-02T13:09:28","date_gmt":"2014-06-02T13:09:28","guid":{"rendered":"http:\/\/ecliente2.com.br\/site\/?p=1326"},"modified":"2014-06-02T13:09:28","modified_gmt":"2014-06-02T13:09:28","slug":"equipe-da-ecliente-participa-intercon-wp-2014","status":"publish","type":"post","link":"https:\/\/ecliente2.com.br\/site\/equipe-da-ecliente-participa-intercon-wp-2014\/","title":{"rendered":"Equipe da eCliente participa do  InterCon WP 2014"},"content":{"rendered":"<p><a href=\"http:\/\/ecliente2.com.br\/site\/wp-content\/uploads\/2014\/06\/10419637_919233471465615_8207613192520134093_n.jpg\"><img fetchpriority=\"high\" decoding=\"async\" class=\"alignleft wp-image-1327 size-medium\" src=\"http:\/\/ecliente2.com.br\/site\/wp-content\/uploads\/2014\/06\/10419637_919233471465615_8207613192520134093_n-300x300.jpg\" alt=\"10419637_919233471465615_8207613192520134093_n\" width=\"300\" height=\"300\" srcset=\"https:\/\/ecliente2.com.br\/site\/wp-content\/uploads\/2014\/06\/10419637_919233471465615_8207613192520134093_n-300x300.jpg 300w, https:\/\/ecliente2.com.br\/site\/wp-content\/uploads\/2014\/06\/10419637_919233471465615_8207613192520134093_n-150x150.jpg 150w, https:\/\/ecliente2.com.br\/site\/wp-content\/uploads\/2014\/06\/10419637_919233471465615_8207613192520134093_n.jpg 640w\" sizes=\"(max-width: 300px) 100vw, 300px\" \/><\/a>O InterCon WP 2014 \u00e9 o maior evento da Am\u00e9rica Latina, que contou com mais de 400 participante, com um foco na \u00e1rea de seguran\u00e7a e agilidade na produ\u00e7\u00e3o de websites e blogs utilizando a plataforma WordPress, al\u00e9m disso a edi\u00e7\u00e3o deste ano contou com dois Meet-Up&#8217;s que estavam ocorrendo simultaneamente com as apresenta\u00e7\u00f5es, o FEMUG (Front-End Meet-Up Group) que abordou diversos temas que foram definidos pela comunidade presente e tamb\u00e9m o Meet-Up WordPress-BR onde foram apresentados \u00e0 Comunidade Brasileira diversos assuntos, entre eles est\u00e3o a tradu\u00e7\u00e3o do WordPress para pt_BR, tradu\u00e7\u00e3o e diagrama\u00e7\u00e3o do Codex-BR e Feedback da Comunidade WP.<\/p>\n<p>Durante o evento tamb\u00e9m foram apresentadas algumas novidades que estar\u00e3o dispon\u00edveis na vers\u00e3o 4.0 do WordPress.<\/p>\n","protected":false},"excerpt":{"rendered":"<p>O InterCon WP 2014 \u00e9 o maior evento da Am\u00e9rica Latina, que contou com mais de 400 participante, com um foco na \u00e1rea de seguran\u00e7a e agilidade na produ\u00e7\u00e3o de websites e blogs utilizando a plataforma WordPress, al\u00e9m disso a edi\u00e7\u00e3o deste ano contou com dois Meet-Up&#8217;s que estavam ocorrendo simultaneamente com as apresenta\u00e7\u00f5es, o [&hellip;]<\/p>\n","protected":false},"author":2,"featured_media":0,"comment_status":"open","ping_status":"closed","sticky":false,"template":"","format":"standard","meta":{"_acf_changed":false,"footnotes":""},"categories":[1],"tags":[],"class_list":["post-1326","post","type-post","status-publish","format-standard","hentry","category-blog"],"acf":[],"yoast_head":"<!-- This site is optimized with the Yoast SEO plugin v27.5 - https:\/\/yoast.com\/product\/yoast-seo-wordpress\/ -->\n<title>Equipe da eCliente participa do InterCon WP 2014 - eCliente Desenvolvimento de Sites e Marketing Digital<\/title>\n<meta name=\"robots\" content=\"index, follow, max-snippet:-1, max-image-preview:large, max-video-preview:-1\" \/>\n<link rel=\"canonical\" href=\"https:\/\/ecliente2.com.br\/site\/equipe-da-ecliente-participa-intercon-wp-2014\/\" \/>\n<meta property=\"og:locale\" content=\"pt_BR\" \/>\n<meta property=\"og:type\" content=\"article\" \/>\n<meta property=\"og:title\" content=\"Equipe da eCliente participa do InterCon WP 2014 - eCliente Desenvolvimento de Sites e Marketing Digital\" \/>\n<meta property=\"og:description\" content=\"O InterCon WP 2014 \u00e9 o maior evento da Am\u00e9rica Latina, que contou com mais de 400 participante, com um foco na \u00e1rea de seguran\u00e7a e agilidade na produ\u00e7\u00e3o de websites e blogs utilizando a plataforma WordPress, al\u00e9m disso a edi\u00e7\u00e3o deste ano contou com dois Meet-Up&#8217;s que estavam ocorrendo simultaneamente com as apresenta\u00e7\u00f5es, o [&hellip;]\" \/>\n<meta property=\"og:url\" content=\"https:\/\/ecliente2.com.br\/site\/equipe-da-ecliente-participa-intercon-wp-2014\/\" \/>\n<meta property=\"og:site_name\" content=\"eCliente Desenvolvimento de Sites e Marketing Digital\" \/>\n<meta property=\"article:publisher\" content=\"https:\/\/www.facebook.com\/ecliente\" \/>\n<meta property=\"article:published_time\" content=\"2014-06-02T13:09:28+00:00\" \/>\n<meta property=\"og:image\" content=\"http:\/\/ecliente2.com.br\/site\/wp-content\/uploads\/2014\/06\/10419637_919233471465615_8207613192520134093_n-300x300.jpg\" \/>\n<meta name=\"author\" content=\"Gustavo\" \/>\n<meta name=\"twitter:label1\" content=\"Escrito por\" \/>\n\t<meta name=\"twitter:data1\" content=\"Gustavo\" \/>\n\t<meta name=\"twitter:label2\" content=\"Est. tempo de leitura\" \/>\n\t<meta name=\"twitter:data2\" content=\"1 minuto\" \/>\n<script type=\"application\/ld+json\" class=\"yoast-schema-graph\">{\"@context\":\"https:\\\/\\\/schema.org\",\"@graph\":[{\"@type\":\"Article\",\"@id\":\"https:\\\/\\\/ecliente2.com.br\\\/site\\\/equipe-da-ecliente-participa-intercon-wp-2014\\\/#article\",\"isPartOf\":{\"@id\":\"https:\\\/\\\/ecliente2.com.br\\\/site\\\/equipe-da-ecliente-participa-intercon-wp-2014\\\/\"},\"author\":{\"name\":\"Gustavo\",\"@id\":\"https:\\\/\\\/ecliente2.com.br\\\/site\\\/#\\\/schema\\\/person\\\/76d2c3c71a8618e6b9d05975d18a367a\"},\"headline\":\"Equipe da eCliente participa do InterCon WP 2014\",\"datePublished\":\"2014-06-02T13:09:28+00:00\",\"mainEntityOfPage\":{\"@id\":\"https:\\\/\\\/ecliente2.com.br\\\/site\\\/equipe-da-ecliente-participa-intercon-wp-2014\\\/\"},\"wordCount\":136,\"commentCount\":0,\"image\":{\"@id\":\"https:\\\/\\\/ecliente2.com.br\\\/site\\\/equipe-da-ecliente-participa-intercon-wp-2014\\\/#primaryimage\"},\"thumbnailUrl\":\"http:\\\/\\\/ecliente2.com.br\\\/site\\\/wp-content\\\/uploads\\\/2014\\\/06\\\/10419637_919233471465615_8207613192520134093_n-300x300.jpg\",\"articleSection\":[\"Blog\"],\"inLanguage\":\"pt-BR\",\"potentialAction\":[{\"@type\":\"CommentAction\",\"name\":\"Comment\",\"target\":[\"https:\\\/\\\/ecliente2.com.br\\\/site\\\/equipe-da-ecliente-participa-intercon-wp-2014\\\/#respond\"]}]},{\"@type\":\"WebPage\",\"@id\":\"https:\\\/\\\/ecliente2.com.br\\\/site\\\/equipe-da-ecliente-participa-intercon-wp-2014\\\/\",\"url\":\"https:\\\/\\\/ecliente2.com.br\\\/site\\\/equipe-da-ecliente-participa-intercon-wp-2014\\\/\",\"name\":\"Equipe da eCliente participa do InterCon WP 2014 - eCliente Desenvolvimento de Sites e Marketing Digital\",\"isPartOf\":{\"@id\":\"https:\\\/\\\/ecliente2.com.br\\\/site\\\/#website\"},\"primaryImageOfPage\":{\"@id\":\"https:\\\/\\\/ecliente2.com.br\\\/site\\\/equipe-da-ecliente-participa-intercon-wp-2014\\\/#primaryimage\"},\"image\":{\"@id\":\"https:\\\/\\\/ecliente2.com.br\\\/site\\\/equipe-da-ecliente-participa-intercon-wp-2014\\\/#primaryimage\"},\"thumbnailUrl\":\"http:\\\/\\\/ecliente2.com.br\\\/site\\\/wp-content\\\/uploads\\\/2014\\\/06\\\/10419637_919233471465615_8207613192520134093_n-300x300.jpg\",\"datePublished\":\"2014-06-02T13:09:28+00:00\",\"author\":{\"@id\":\"https:\\\/\\\/ecliente2.com.br\\\/site\\\/#\\\/schema\\\/person\\\/76d2c3c71a8618e6b9d05975d18a367a\"},\"breadcrumb\":{\"@id\":\"https:\\\/\\\/ecliente2.com.br\\\/site\\\/equipe-da-ecliente-participa-intercon-wp-2014\\\/#breadcrumb\"},\"inLanguage\":\"pt-BR\",\"potentialAction\":[{\"@type\":\"ReadAction\",\"target\":[\"https:\\\/\\\/ecliente2.com.br\\\/site\\\/equipe-da-ecliente-participa-intercon-wp-2014\\\/\"]}]},{\"@type\":\"ImageObject\",\"inLanguage\":\"pt-BR\",\"@id\":\"https:\\\/\\\/ecliente2.com.br\\\/site\\\/equipe-da-ecliente-participa-intercon-wp-2014\\\/#primaryimage\",\"url\":\"http:\\\/\\\/ecliente2.com.br\\\/site\\\/wp-content\\\/uploads\\\/2014\\\/06\\\/10419637_919233471465615_8207613192520134093_n-300x300.jpg\",\"contentUrl\":\"http:\\\/\\\/ecliente2.com.br\\\/site\\\/wp-content\\\/uploads\\\/2014\\\/06\\\/10419637_919233471465615_8207613192520134093_n-300x300.jpg\"},{\"@type\":\"BreadcrumbList\",\"@id\":\"https:\\\/\\\/ecliente2.com.br\\\/site\\\/equipe-da-ecliente-participa-intercon-wp-2014\\\/#breadcrumb\",\"itemListElement\":[{\"@type\":\"ListItem\",\"position\":1,\"name\":\"In\u00edcio\",\"item\":\"https:\\\/\\\/ecliente2.com.br\\\/site\\\/\"},{\"@type\":\"ListItem\",\"position\":2,\"name\":\"Equipe da eCliente participa do InterCon WP 2014\"}]},{\"@type\":\"WebSite\",\"@id\":\"https:\\\/\\\/ecliente2.com.br\\\/site\\\/#website\",\"url\":\"https:\\\/\\\/ecliente2.com.br\\\/site\\\/\",\"name\":\"eCliente Desenvolvimento de Sites e Marketing Digital\",\"description\":\"Desenvolvimento de Sites e Software\",\"potentialAction\":[{\"@type\":\"SearchAction\",\"target\":{\"@type\":\"EntryPoint\",\"urlTemplate\":\"https:\\\/\\\/ecliente2.com.br\\\/site\\\/?s={search_term_string}\"},\"query-input\":{\"@type\":\"PropertyValueSpecification\",\"valueRequired\":true,\"valueName\":\"search_term_string\"}}],\"inLanguage\":\"pt-BR\"},{\"@type\":\"Person\",\"@id\":\"https:\\\/\\\/ecliente2.com.br\\\/site\\\/#\\\/schema\\\/person\\\/76d2c3c71a8618e6b9d05975d18a367a\",\"name\":\"Gustavo\",\"image\":{\"@type\":\"ImageObject\",\"inLanguage\":\"pt-BR\",\"@id\":\"https:\\\/\\\/secure.gravatar.com\\\/avatar\\\/12f7f6f94781037a850f5584361f6ed6a96a78bcab85748aaec76a511fc688e4?s=96&d=mm&r=g\",\"url\":\"https:\\\/\\\/secure.gravatar.com\\\/avatar\\\/12f7f6f94781037a850f5584361f6ed6a96a78bcab85748aaec76a511fc688e4?s=96&d=mm&r=g\",\"contentUrl\":\"https:\\\/\\\/secure.gravatar.com\\\/avatar\\\/12f7f6f94781037a850f5584361f6ed6a96a78bcab85748aaec76a511fc688e4?s=96&d=mm&r=g\",\"caption\":\"Gustavo\"},\"description\":\"Diretor e fundador da eCliente Tecnologia da Informa\u00e7\u00e3o. Atua na \u00e1rea de desenvolvimento de sistemas e estrat\u00e9gias em Marketing Digital. Foi professor de cursos de Gradua\u00e7\u00e3o e P\u00f3s Gradua\u00e7\u00e3o na \u00e1rea de Sistemas de Informa\u00e7\u00e3o e Administra\u00e7\u00e3o. https:\\\/\\\/www.instagram.com\\\/50bem\",\"url\":\"https:\\\/\\\/ecliente2.com.br\\\/site\\\/author\\\/admin\\\/\"}]}<\/script>\n<!-- \/ Yoast SEO plugin. -->","yoast_head_json":{"title":"Equipe da eCliente participa do InterCon WP 2014 - eCliente Desenvolvimento de Sites e Marketing Digital","robots":{"index":"index","follow":"follow","max-snippet":"max-snippet:-1","max-image-preview":"max-image-preview:large","max-video-preview":"max-video-preview:-1"},"canonical":"https:\/\/ecliente2.com.br\/site\/equipe-da-ecliente-participa-intercon-wp-2014\/","og_locale":"pt_BR","og_type":"article","og_title":"Equipe da eCliente participa do InterCon WP 2014 - eCliente Desenvolvimento de Sites e Marketing Digital","og_description":"O InterCon WP 2014 \u00e9 o maior evento da Am\u00e9rica Latina, que contou com mais de 400 participante, com um foco na \u00e1rea de seguran\u00e7a e agilidade na produ\u00e7\u00e3o de websites e blogs utilizando a plataforma WordPress, al\u00e9m disso a edi\u00e7\u00e3o deste ano contou com dois Meet-Up&#8217;s que estavam ocorrendo simultaneamente com as apresenta\u00e7\u00f5es, o [&hellip;]","og_url":"https:\/\/ecliente2.com.br\/site\/equipe-da-ecliente-participa-intercon-wp-2014\/","og_site_name":"eCliente Desenvolvimento de Sites e Marketing Digital","article_publisher":"https:\/\/www.facebook.com\/ecliente","article_published_time":"2014-06-02T13:09:28+00:00","og_image":[{"url":"http:\/\/ecliente2.com.br\/site\/wp-content\/uploads\/2014\/06\/10419637_919233471465615_8207613192520134093_n-300x300.jpg","type":"","width":"","height":""}],"author":"Gustavo","twitter_misc":{"Escrito por":"Gustavo","Est. tempo de leitura":"1 minuto"},"schema":{"@context":"https:\/\/schema.org","@graph":[{"@type":"Article","@id":"https:\/\/ecliente2.com.br\/site\/equipe-da-ecliente-participa-intercon-wp-2014\/#article","isPartOf":{"@id":"https:\/\/ecliente2.com.br\/site\/equipe-da-ecliente-participa-intercon-wp-2014\/"},"author":{"name":"Gustavo","@id":"https:\/\/ecliente2.com.br\/site\/#\/schema\/person\/76d2c3c71a8618e6b9d05975d18a367a"},"headline":"Equipe da eCliente participa do InterCon WP 2014","datePublished":"2014-06-02T13:09:28+00:00","mainEntityOfPage":{"@id":"https:\/\/ecliente2.com.br\/site\/equipe-da-ecliente-participa-intercon-wp-2014\/"},"wordCount":136,"commentCount":0,"image":{"@id":"https:\/\/ecliente2.com.br\/site\/equipe-da-ecliente-participa-intercon-wp-2014\/#primaryimage"},"thumbnailUrl":"http:\/\/ecliente2.com.br\/site\/wp-content\/uploads\/2014\/06\/10419637_919233471465615_8207613192520134093_n-300x300.jpg","articleSection":["Blog"],"inLanguage":"pt-BR","potentialAction":[{"@type":"CommentAction","name":"Comment","target":["https:\/\/ecliente2.com.br\/site\/equipe-da-ecliente-participa-intercon-wp-2014\/#respond"]}]},{"@type":"WebPage","@id":"https:\/\/ecliente2.com.br\/site\/equipe-da-ecliente-participa-intercon-wp-2014\/","url":"https:\/\/ecliente2.com.br\/site\/equipe-da-ecliente-participa-intercon-wp-2014\/","name":"Equipe da eCliente participa do InterCon WP 2014 - eCliente Desenvolvimento de Sites e Marketing Digital","isPartOf":{"@id":"https:\/\/ecliente2.com.br\/site\/#website"},"primaryImageOfPage":{"@id":"https:\/\/ecliente2.com.br\/site\/equipe-da-ecliente-participa-intercon-wp-2014\/#primaryimage"},"image":{"@id":"https:\/\/ecliente2.com.br\/site\/equipe-da-ecliente-participa-intercon-wp-2014\/#primaryimage"},"thumbnailUrl":"http:\/\/ecliente2.com.br\/site\/wp-content\/uploads\/2014\/06\/10419637_919233471465615_8207613192520134093_n-300x300.jpg","datePublished":"2014-06-02T13:09:28+00:00","author":{"@id":"https:\/\/ecliente2.com.br\/site\/#\/schema\/person\/76d2c3c71a8618e6b9d05975d18a367a"},"breadcrumb":{"@id":"https:\/\/ecliente2.com.br\/site\/equipe-da-ecliente-participa-intercon-wp-2014\/#breadcrumb"},"inLanguage":"pt-BR","potentialAction":[{"@type":"ReadAction","target":["https:\/\/ecliente2.com.br\/site\/equipe-da-ecliente-participa-intercon-wp-2014\/"]}]},{"@type":"ImageObject","inLanguage":"pt-BR","@id":"https:\/\/ecliente2.com.br\/site\/equipe-da-ecliente-participa-intercon-wp-2014\/#primaryimage","url":"http:\/\/ecliente2.com.br\/site\/wp-content\/uploads\/2014\/06\/10419637_919233471465615_8207613192520134093_n-300x300.jpg","contentUrl":"http:\/\/ecliente2.com.br\/site\/wp-content\/uploads\/2014\/06\/10419637_919233471465615_8207613192520134093_n-300x300.jpg"},{"@type":"BreadcrumbList","@id":"https:\/\/ecliente2.com.br\/site\/equipe-da-ecliente-participa-intercon-wp-2014\/#breadcrumb","itemListElement":[{"@type":"ListItem","position":1,"name":"In\u00edcio","item":"https:\/\/ecliente2.com.br\/site\/"},{"@type":"ListItem","position":2,"name":"Equipe da eCliente participa do InterCon WP 2014"}]},{"@type":"WebSite","@id":"https:\/\/ecliente2.com.br\/site\/#website","url":"https:\/\/ecliente2.com.br\/site\/","name":"eCliente Desenvolvimento de Sites e Marketing Digital","description":"Desenvolvimento de Sites e Software","potentialAction":[{"@type":"SearchAction","target":{"@type":"EntryPoint","urlTemplate":"https:\/\/ecliente2.com.br\/site\/?s={search_term_string}"},"query-input":{"@type":"PropertyValueSpecification","valueRequired":true,"valueName":"search_term_string"}}],"inLanguage":"pt-BR"},{"@type":"Person","@id":"https:\/\/ecliente2.com.br\/site\/#\/schema\/person\/76d2c3c71a8618e6b9d05975d18a367a","name":"Gustavo","image":{"@type":"ImageObject","inLanguage":"pt-BR","@id":"https:\/\/secure.gravatar.com\/avatar\/12f7f6f94781037a850f5584361f6ed6a96a78bcab85748aaec76a511fc688e4?s=96&d=mm&r=g","url":"https:\/\/secure.gravatar.com\/avatar\/12f7f6f94781037a850f5584361f6ed6a96a78bcab85748aaec76a511fc688e4?s=96&d=mm&r=g","contentUrl":"https:\/\/secure.gravatar.com\/avatar\/12f7f6f94781037a850f5584361f6ed6a96a78bcab85748aaec76a511fc688e4?s=96&d=mm&r=g","caption":"Gustavo"},"description":"Diretor e fundador da eCliente Tecnologia da Informa\u00e7\u00e3o. Atua na \u00e1rea de desenvolvimento de sistemas e estrat\u00e9gias em Marketing Digital. Foi professor de cursos de Gradua\u00e7\u00e3o e P\u00f3s Gradua\u00e7\u00e3o na \u00e1rea de Sistemas de Informa\u00e7\u00e3o e Administra\u00e7\u00e3o. https:\/\/www.instagram.com\/50bem","url":"https:\/\/ecliente2.com.br\/site\/author\/admin\/"}]}},"_links":{"self":[{"href":"https:\/\/ecliente2.com.br\/site\/wp-json\/wp\/v2\/posts\/1326","targetHints":{"allow":["GET"]}}],"collection":[{"href":"https:\/\/ecliente2.com.br\/site\/wp-json\/wp\/v2\/posts"}],"about":[{"href":"https:\/\/ecliente2.com.br\/site\/wp-json\/wp\/v2\/types\/post"}],"author":[{"embeddable":true,"href":"https:\/\/ecliente2.com.br\/site\/wp-json\/wp\/v2\/users\/2"}],"replies":[{"embeddable":true,"href":"https:\/\/ecliente2.com.br\/site\/wp-json\/wp\/v2\/comments?post=1326"}],"version-history":[{"count":1,"href":"https:\/\/ecliente2.com.br\/site\/wp-json\/wp\/v2\/posts\/1326\/revisions"}],"predecessor-version":[{"id":1328,"href":"https:\/\/ecliente2.com.br\/site\/wp-json\/wp\/v2\/posts\/1326\/revisions\/1328"}],"wp:attachment":[{"href":"https:\/\/ecliente2.com.br\/site\/wp-json\/wp\/v2\/media?parent=1326"}],"wp:term":[{"taxonomy":"category","embeddable":true,"href":"https:\/\/ecliente2.com.br\/site\/wp-json\/wp\/v2\/categories?post=1326"},{"taxonomy":"post_tag","embeddable":true,"href":"https:\/\/ecliente2.com.br\/site\/wp-json\/wp\/v2\/tags?post=1326"}],"curies":[{"name":"wp","href":"https:\/\/api.w.org\/{rel}","templated":true}]}}