{"id":1344,"date":"2014-06-20T19:05:11","date_gmt":"2014-06-20T19:05:11","guid":{"rendered":"http:\/\/ecliente2.com.br\/site\/?p=1344"},"modified":"2014-06-20T19:05:11","modified_gmt":"2014-06-20T19:05:11","slug":"qual-importancia-de-apresentar-oposicao","status":"publish","type":"post","link":"https:\/\/ecliente2.com.br\/site\/qual-importancia-de-apresentar-oposicao\/","title":{"rendered":"Qual a import\u00e2ncia de apresentar oposi\u00e7\u00e3o?"},"content":{"rendered":"<p>Estamos divulgando um texto do nosso parceiro Vilage Marcas e Patantes muito interessante sobre o Registro de Marcas.<\/p>\n<p>O <strong>Brasil <\/strong>adota o sistema atributivo de marcas, ou seja, a marca pertencer\u00e1 ao <strong>primeiro registr\u00e1-la<\/strong>. A <strong>exce\u00e7\u00e3o<\/strong> a este sistema est\u00e1 prevista no artigo 129, \u00a71\u00ba da Lei de Propriedade Industrial (Lei n\u00ba 9.279, de 14 de maio de 1996):<\/p>\n<p style=\"padding-left: 240px;\"><em>\u201c\u00a7 1\u00ba Toda pessoa que, de boa f\u00e9, na data da prioridade ou dep\u00f3sito, usava no Pa\u00eds, h\u00e1 pelo menos 6 (seis) meses, marca id\u00eantica ou semelhante, para distinguir ou certificar produto ou servi\u00e7o id\u00eantico, semelhante ou afim, ter\u00e1 direito de preced\u00eancia ao registro.\u201d<\/em><em><br \/>\n<\/em><\/p>\n<p>A fim de exercitar seu <strong>direito de preced\u00eancia<\/strong>, o interessado n\u00e3o s\u00f3 deve <strong>comprovar<\/strong> que efetivamente j\u00e1 usava a marca h\u00e1 pelo menos <strong>seis meses<\/strong> da data do dep\u00f3sito, mas tamb\u00e9m apresentar <strong>OPOSI\u00c7\u00c3O <\/strong>ao pedido de registro do terceiro, ANTES da concess\u00e3o do registro, pois uma vez concedido, este benef\u00edcio deixa de existir.<\/p>\n<p>Nesse sentido, o detentor da marca de boa-f\u00e9, mesmo que utilize a marca anteriormente, se n\u00e3o apresentar oposi\u00e7\u00e3o, ap\u00f3s o registro da marca n\u00e3o poder\u00e1 anul\u00e1-la.<\/p>\n<p>Este entendimento \u00e9 inclusive pacificado perante o judici\u00e1rio:<\/p>\n<p>&#8220;PROPRIEDADE INDUSTRIAL. REGISTROS MARC\u00c1RIOS. COLID\u00caNCIA. \u00a7 1\u00ba, DO ART. 129 DA LPI. INTELIG\u00caNCIA. A prote\u00e7\u00e3o conferida pelo disposto no art. 129 da LPI n\u00e3o pode ser pleiteada a qualquer tempo. Deve ser requerida no prazo de registro da marca. Por se consubstanciar em verdadeira exce\u00e7\u00e3o ao sistema atributivo de marcas, o uso de boa f\u00e9 de marca por 6 (seis) meses antes da data do dep\u00f3sito de marca em lit\u00edgio deve ser suficientemente provado, de molde a n\u00e3o haver d\u00favida quanto ao uso afirmado, sendo insuficiente a prestar-se como prova a declara\u00e7\u00e3o unilateral firmada por empresa conveniada daquela que alega o uso da marca em quest\u00e3o. Aferindo-se a semelhan\u00e7a fon\u00e9tica e gr\u00e1fica de elemento nominativo integrante de marca mista a distinguir mesma classe de servi\u00e7os, \u00e9 de se confirmar o ato administrativo que reconheceu a nulidade de tal registro, ao argumento da colid\u00eancia. Apelo conhecido e improvido&#8221;. (TRF &#8211; 2\u00aa Regi\u00e3o &#8211; 1\u00aa Turma Esp., APELA\u00c7\u00c3O C\u00cdVEL N. 416442 RJ 2002.51.01.503478-7, Rel. MARCELLO FERREIRA DE SOUZA GRANADO; DJ, 27.03.2009)<\/p>\n<p>Diante do exposto, fica clara a import\u00e2ncia da oposi\u00e7\u00e3o nos termos da lei, bem como do entendimento jurisprudencial modernamente seguido pelo judici\u00e1rio.<\/p>\n<p>Colocamo-nos \u00e0 disposi\u00e7\u00e3o para eventuais esclarecimentos.<\/p>\n<p>&nbsp;<\/p>\n<p>&nbsp;<\/p>\n<p>Vilage Marcas e Patentes<\/p>\n<p>0800 703 9009 | www.vilage.com.br<\/p>\n","protected":false},"excerpt":{"rendered":"<p>Estamos divulgando um texto do nosso parceiro Vilage Marcas e Patantes muito interessante sobre o Registro de Marcas. O Brasil adota o sistema atributivo de marcas, ou seja, a marca pertencer\u00e1 ao primeiro registr\u00e1-la. A exce\u00e7\u00e3o a este sistema est\u00e1 prevista no artigo 129, \u00a71\u00ba da Lei de Propriedade Industrial (Lei n\u00ba 9.279, de 14 [&hellip;]<\/p>\n","protected":false},"author":2,"featured_media":0,"comment_status":"open","ping_status":"closed","sticky":false,"template":"","format":"standard","meta":{"_acf_changed":false,"footnotes":""},"categories":[1],"tags":[68,67,23],"class_list":["post-1344","post","type-post","status-publish","format-standard","hentry","category-blog","tag-oposicao","tag-registro-de-marca","tag-registro-de-site"],"acf":[],"yoast_head":"<!-- This site is optimized with the Yoast SEO plugin v27.5 - https:\/\/yoast.com\/product\/yoast-seo-wordpress\/ -->\n<title>Qual a import\u00e2ncia de apresentar oposi\u00e7\u00e3o? - eCliente Desenvolvimento de Sites e Marketing Digital<\/title>\n<meta name=\"robots\" content=\"index, follow, max-snippet:-1, max-image-preview:large, max-video-preview:-1\" \/>\n<link rel=\"canonical\" href=\"https:\/\/ecliente2.com.br\/site\/qual-importancia-de-apresentar-oposicao\/\" \/>\n<meta property=\"og:locale\" content=\"pt_BR\" \/>\n<meta property=\"og:type\" content=\"article\" \/>\n<meta property=\"og:title\" content=\"Qual a import\u00e2ncia de apresentar oposi\u00e7\u00e3o? - eCliente Desenvolvimento de Sites e Marketing Digital\" \/>\n<meta property=\"og:description\" content=\"Estamos divulgando um texto do nosso parceiro Vilage Marcas e Patantes muito interessante sobre o Registro de Marcas. O Brasil adota o sistema atributivo de marcas, ou seja, a marca pertencer\u00e1 ao primeiro registr\u00e1-la. A exce\u00e7\u00e3o a este sistema est\u00e1 prevista no artigo 129, \u00a71\u00ba da Lei de Propriedade Industrial (Lei n\u00ba 9.279, de 14 [&hellip;]\" \/>\n<meta property=\"og:url\" content=\"https:\/\/ecliente2.com.br\/site\/qual-importancia-de-apresentar-oposicao\/\" \/>\n<meta property=\"og:site_name\" content=\"eCliente Desenvolvimento de Sites e Marketing Digital\" \/>\n<meta property=\"article:publisher\" content=\"https:\/\/www.facebook.com\/ecliente\" \/>\n<meta property=\"article:published_time\" content=\"2014-06-20T19:05:11+00:00\" \/>\n<meta name=\"author\" content=\"Gustavo\" \/>\n<meta name=\"twitter:label1\" content=\"Escrito por\" \/>\n\t<meta name=\"twitter:data1\" content=\"Gustavo\" \/>\n\t<meta name=\"twitter:label2\" content=\"Est. tempo de leitura\" \/>\n\t<meta name=\"twitter:data2\" content=\"2 minutos\" \/>\n<script type=\"application\/ld+json\" class=\"yoast-schema-graph\">{\"@context\":\"https:\\\/\\\/schema.org\",\"@graph\":[{\"@type\":\"Article\",\"@id\":\"https:\\\/\\\/ecliente2.com.br\\\/site\\\/qual-importancia-de-apresentar-oposicao\\\/#article\",\"isPartOf\":{\"@id\":\"https:\\\/\\\/ecliente2.com.br\\\/site\\\/qual-importancia-de-apresentar-oposicao\\\/\"},\"author\":{\"name\":\"Gustavo\",\"@id\":\"https:\\\/\\\/ecliente2.com.br\\\/site\\\/#\\\/schema\\\/person\\\/76d2c3c71a8618e6b9d05975d18a367a\"},\"headline\":\"Qual a import\u00e2ncia de apresentar oposi\u00e7\u00e3o?\",\"datePublished\":\"2014-06-20T19:05:11+00:00\",\"mainEntityOfPage\":{\"@id\":\"https:\\\/\\\/ecliente2.com.br\\\/site\\\/qual-importancia-de-apresentar-oposicao\\\/\"},\"wordCount\":430,\"commentCount\":0,\"keywords\":[\"oposi\u00e7\u00e3o\",\"registro de marca\",\"registro de site\"],\"articleSection\":[\"Blog\"],\"inLanguage\":\"pt-BR\",\"potentialAction\":[{\"@type\":\"CommentAction\",\"name\":\"Comment\",\"target\":[\"https:\\\/\\\/ecliente2.com.br\\\/site\\\/qual-importancia-de-apresentar-oposicao\\\/#respond\"]}]},{\"@type\":\"WebPage\",\"@id\":\"https:\\\/\\\/ecliente2.com.br\\\/site\\\/qual-importancia-de-apresentar-oposicao\\\/\",\"url\":\"https:\\\/\\\/ecliente2.com.br\\\/site\\\/qual-importancia-de-apresentar-oposicao\\\/\",\"name\":\"Qual a import\u00e2ncia de apresentar oposi\u00e7\u00e3o? - eCliente Desenvolvimento de Sites e Marketing Digital\",\"isPartOf\":{\"@id\":\"https:\\\/\\\/ecliente2.com.br\\\/site\\\/#website\"},\"datePublished\":\"2014-06-20T19:05:11+00:00\",\"author\":{\"@id\":\"https:\\\/\\\/ecliente2.com.br\\\/site\\\/#\\\/schema\\\/person\\\/76d2c3c71a8618e6b9d05975d18a367a\"},\"breadcrumb\":{\"@id\":\"https:\\\/\\\/ecliente2.com.br\\\/site\\\/qual-importancia-de-apresentar-oposicao\\\/#breadcrumb\"},\"inLanguage\":\"pt-BR\",\"potentialAction\":[{\"@type\":\"ReadAction\",\"target\":[\"https:\\\/\\\/ecliente2.com.br\\\/site\\\/qual-importancia-de-apresentar-oposicao\\\/\"]}]},{\"@type\":\"BreadcrumbList\",\"@id\":\"https:\\\/\\\/ecliente2.com.br\\\/site\\\/qual-importancia-de-apresentar-oposicao\\\/#breadcrumb\",\"itemListElement\":[{\"@type\":\"ListItem\",\"position\":1,\"name\":\"In\u00edcio\",\"item\":\"https:\\\/\\\/ecliente2.com.br\\\/site\\\/\"},{\"@type\":\"ListItem\",\"position\":2,\"name\":\"Qual a import\u00e2ncia de apresentar oposi\u00e7\u00e3o?\"}]},{\"@type\":\"WebSite\",\"@id\":\"https:\\\/\\\/ecliente2.com.br\\\/site\\\/#website\",\"url\":\"https:\\\/\\\/ecliente2.com.br\\\/site\\\/\",\"name\":\"eCliente Desenvolvimento de Sites e Marketing Digital\",\"description\":\"Desenvolvimento de Sites e Software\",\"potentialAction\":[{\"@type\":\"SearchAction\",\"target\":{\"@type\":\"EntryPoint\",\"urlTemplate\":\"https:\\\/\\\/ecliente2.com.br\\\/site\\\/?s={search_term_string}\"},\"query-input\":{\"@type\":\"PropertyValueSpecification\",\"valueRequired\":true,\"valueName\":\"search_term_string\"}}],\"inLanguage\":\"pt-BR\"},{\"@type\":\"Person\",\"@id\":\"https:\\\/\\\/ecliente2.com.br\\\/site\\\/#\\\/schema\\\/person\\\/76d2c3c71a8618e6b9d05975d18a367a\",\"name\":\"Gustavo\",\"image\":{\"@type\":\"ImageObject\",\"inLanguage\":\"pt-BR\",\"@id\":\"https:\\\/\\\/secure.gravatar.com\\\/avatar\\\/12f7f6f94781037a850f5584361f6ed6a96a78bcab85748aaec76a511fc688e4?s=96&d=mm&r=g\",\"url\":\"https:\\\/\\\/secure.gravatar.com\\\/avatar\\\/12f7f6f94781037a850f5584361f6ed6a96a78bcab85748aaec76a511fc688e4?s=96&d=mm&r=g\",\"contentUrl\":\"https:\\\/\\\/secure.gravatar.com\\\/avatar\\\/12f7f6f94781037a850f5584361f6ed6a96a78bcab85748aaec76a511fc688e4?s=96&d=mm&r=g\",\"caption\":\"Gustavo\"},\"description\":\"Diretor e fundador da eCliente Tecnologia da Informa\u00e7\u00e3o. Atua na \u00e1rea de desenvolvimento de sistemas e estrat\u00e9gias em Marketing Digital. Foi professor de cursos de Gradua\u00e7\u00e3o e P\u00f3s Gradua\u00e7\u00e3o na \u00e1rea de Sistemas de Informa\u00e7\u00e3o e Administra\u00e7\u00e3o. https:\\\/\\\/www.instagram.com\\\/50bem\",\"url\":\"https:\\\/\\\/ecliente2.com.br\\\/site\\\/author\\\/admin\\\/\"}]}<\/script>\n<!-- \/ Yoast SEO plugin. -->","yoast_head_json":{"title":"Qual a import\u00e2ncia de apresentar oposi\u00e7\u00e3o? - eCliente Desenvolvimento de Sites e Marketing Digital","robots":{"index":"index","follow":"follow","max-snippet":"max-snippet:-1","max-image-preview":"max-image-preview:large","max-video-preview":"max-video-preview:-1"},"canonical":"https:\/\/ecliente2.com.br\/site\/qual-importancia-de-apresentar-oposicao\/","og_locale":"pt_BR","og_type":"article","og_title":"Qual a import\u00e2ncia de apresentar oposi\u00e7\u00e3o? - eCliente Desenvolvimento de Sites e Marketing Digital","og_description":"Estamos divulgando um texto do nosso parceiro Vilage Marcas e Patantes muito interessante sobre o Registro de Marcas. O Brasil adota o sistema atributivo de marcas, ou seja, a marca pertencer\u00e1 ao primeiro registr\u00e1-la. A exce\u00e7\u00e3o a este sistema est\u00e1 prevista no artigo 129, \u00a71\u00ba da Lei de Propriedade Industrial (Lei n\u00ba 9.279, de 14 [&hellip;]","og_url":"https:\/\/ecliente2.com.br\/site\/qual-importancia-de-apresentar-oposicao\/","og_site_name":"eCliente Desenvolvimento de Sites e Marketing Digital","article_publisher":"https:\/\/www.facebook.com\/ecliente","article_published_time":"2014-06-20T19:05:11+00:00","author":"Gustavo","twitter_misc":{"Escrito por":"Gustavo","Est. tempo de leitura":"2 minutos"},"schema":{"@context":"https:\/\/schema.org","@graph":[{"@type":"Article","@id":"https:\/\/ecliente2.com.br\/site\/qual-importancia-de-apresentar-oposicao\/#article","isPartOf":{"@id":"https:\/\/ecliente2.com.br\/site\/qual-importancia-de-apresentar-oposicao\/"},"author":{"name":"Gustavo","@id":"https:\/\/ecliente2.com.br\/site\/#\/schema\/person\/76d2c3c71a8618e6b9d05975d18a367a"},"headline":"Qual a import\u00e2ncia de apresentar oposi\u00e7\u00e3o?","datePublished":"2014-06-20T19:05:11+00:00","mainEntityOfPage":{"@id":"https:\/\/ecliente2.com.br\/site\/qual-importancia-de-apresentar-oposicao\/"},"wordCount":430,"commentCount":0,"keywords":["oposi\u00e7\u00e3o","registro de marca","registro de site"],"articleSection":["Blog"],"inLanguage":"pt-BR","potentialAction":[{"@type":"CommentAction","name":"Comment","target":["https:\/\/ecliente2.com.br\/site\/qual-importancia-de-apresentar-oposicao\/#respond"]}]},{"@type":"WebPage","@id":"https:\/\/ecliente2.com.br\/site\/qual-importancia-de-apresentar-oposicao\/","url":"https:\/\/ecliente2.com.br\/site\/qual-importancia-de-apresentar-oposicao\/","name":"Qual a import\u00e2ncia de apresentar oposi\u00e7\u00e3o? - eCliente Desenvolvimento de Sites e Marketing Digital","isPartOf":{"@id":"https:\/\/ecliente2.com.br\/site\/#website"},"datePublished":"2014-06-20T19:05:11+00:00","author":{"@id":"https:\/\/ecliente2.com.br\/site\/#\/schema\/person\/76d2c3c71a8618e6b9d05975d18a367a"},"breadcrumb":{"@id":"https:\/\/ecliente2.com.br\/site\/qual-importancia-de-apresentar-oposicao\/#breadcrumb"},"inLanguage":"pt-BR","potentialAction":[{"@type":"ReadAction","target":["https:\/\/ecliente2.com.br\/site\/qual-importancia-de-apresentar-oposicao\/"]}]},{"@type":"BreadcrumbList","@id":"https:\/\/ecliente2.com.br\/site\/qual-importancia-de-apresentar-oposicao\/#breadcrumb","itemListElement":[{"@type":"ListItem","position":1,"name":"In\u00edcio","item":"https:\/\/ecliente2.com.br\/site\/"},{"@type":"ListItem","position":2,"name":"Qual a import\u00e2ncia de apresentar oposi\u00e7\u00e3o?"}]},{"@type":"WebSite","@id":"https:\/\/ecliente2.com.br\/site\/#website","url":"https:\/\/ecliente2.com.br\/site\/","name":"eCliente Desenvolvimento de Sites e Marketing Digital","description":"Desenvolvimento de Sites e Software","potentialAction":[{"@type":"SearchAction","target":{"@type":"EntryPoint","urlTemplate":"https:\/\/ecliente2.com.br\/site\/?s={search_term_string}"},"query-input":{"@type":"PropertyValueSpecification","valueRequired":true,"valueName":"search_term_string"}}],"inLanguage":"pt-BR"},{"@type":"Person","@id":"https:\/\/ecliente2.com.br\/site\/#\/schema\/person\/76d2c3c71a8618e6b9d05975d18a367a","name":"Gustavo","image":{"@type":"ImageObject","inLanguage":"pt-BR","@id":"https:\/\/secure.gravatar.com\/avatar\/12f7f6f94781037a850f5584361f6ed6a96a78bcab85748aaec76a511fc688e4?s=96&d=mm&r=g","url":"https:\/\/secure.gravatar.com\/avatar\/12f7f6f94781037a850f5584361f6ed6a96a78bcab85748aaec76a511fc688e4?s=96&d=mm&r=g","contentUrl":"https:\/\/secure.gravatar.com\/avatar\/12f7f6f94781037a850f5584361f6ed6a96a78bcab85748aaec76a511fc688e4?s=96&d=mm&r=g","caption":"Gustavo"},"description":"Diretor e fundador da eCliente Tecnologia da Informa\u00e7\u00e3o. Atua na \u00e1rea de desenvolvimento de sistemas e estrat\u00e9gias em Marketing Digital. Foi professor de cursos de Gradua\u00e7\u00e3o e P\u00f3s Gradua\u00e7\u00e3o na \u00e1rea de Sistemas de Informa\u00e7\u00e3o e Administra\u00e7\u00e3o. https:\/\/www.instagram.com\/50bem","url":"https:\/\/ecliente2.com.br\/site\/author\/admin\/"}]}},"_links":{"self":[{"href":"https:\/\/ecliente2.com.br\/site\/wp-json\/wp\/v2\/posts\/1344","targetHints":{"allow":["GET"]}}],"collection":[{"href":"https:\/\/ecliente2.com.br\/site\/wp-json\/wp\/v2\/posts"}],"about":[{"href":"https:\/\/ecliente2.com.br\/site\/wp-json\/wp\/v2\/types\/post"}],"author":[{"embeddable":true,"href":"https:\/\/ecliente2.com.br\/site\/wp-json\/wp\/v2\/users\/2"}],"replies":[{"embeddable":true,"href":"https:\/\/ecliente2.com.br\/site\/wp-json\/wp\/v2\/comments?post=1344"}],"version-history":[{"count":1,"href":"https:\/\/ecliente2.com.br\/site\/wp-json\/wp\/v2\/posts\/1344\/revisions"}],"predecessor-version":[{"id":1345,"href":"https:\/\/ecliente2.com.br\/site\/wp-json\/wp\/v2\/posts\/1344\/revisions\/1345"}],"wp:attachment":[{"href":"https:\/\/ecliente2.com.br\/site\/wp-json\/wp\/v2\/media?parent=1344"}],"wp:term":[{"taxonomy":"category","embeddable":true,"href":"https:\/\/ecliente2.com.br\/site\/wp-json\/wp\/v2\/categories?post=1344"},{"taxonomy":"post_tag","embeddable":true,"href":"https:\/\/ecliente2.com.br\/site\/wp-json\/wp\/v2\/tags?post=1344"}],"curies":[{"name":"wp","href":"https:\/\/api.w.org\/{rel}","templated":true}]}}