{"id":1414,"date":"2014-12-17T10:41:15","date_gmt":"2014-12-17T10:41:15","guid":{"rendered":"http:\/\/ecliente2.com.br\/site\/?p=1414"},"modified":"2014-12-17T10:41:15","modified_gmt":"2014-12-17T10:41:15","slug":"mensagem-da-ecliente-os-dias-prosperos-nao-vem-por-acaso","status":"publish","type":"post","link":"https:\/\/ecliente2.com.br\/site\/mensagem-da-ecliente-os-dias-prosperos-nao-vem-por-acaso\/","title":{"rendered":"MENSAGEM DA ECLIENTE: Os dias pr\u00f3speros n\u00e3o v\u00eam por acaso"},"content":{"rendered":"<div style=\"width: 912px\" class=\"wp-caption aligncenter\"><img fetchpriority=\"high\" decoding=\"async\" class=\"\" src=\"http:\/\/ecliente2.com.br\/banners\/natal2014.jpg\" alt=\"\" width=\"902\" height=\"543\" \/><p class=\"wp-caption-text\">Mensagem de natal da eCliente<\/p><\/div>\n","protected":false},"excerpt":{"rendered":"","protected":false},"author":2,"featured_media":0,"comment_status":"open","ping_status":"closed","sticky":false,"template":"","format":"standard","meta":{"_acf_changed":false,"footnotes":""},"categories":[1],"tags":[82],"class_list":["post-1414","post","type-post","status-publish","format-standard","hentry","category-blog","tag-mensagem-de-natal"],"acf":[],"yoast_head":"<!-- This site is optimized with the Yoast SEO plugin v27.5 - https:\/\/yoast.com\/product\/yoast-seo-wordpress\/ -->\n<title>MENSAGEM DA ECLIENTE: Os dias pr\u00f3speros n\u00e3o v\u00eam por acaso - eCliente Desenvolvimento de Sites e Marketing Digital<\/title>\n<meta name=\"robots\" content=\"index, follow, max-snippet:-1, max-image-preview:large, max-video-preview:-1\" \/>\n<link rel=\"canonical\" href=\"https:\/\/ecliente2.com.br\/site\/mensagem-da-ecliente-os-dias-prosperos-nao-vem-por-acaso\/\" \/>\n<meta property=\"og:locale\" content=\"pt_BR\" \/>\n<meta property=\"og:type\" content=\"article\" \/>\n<meta property=\"og:title\" content=\"MENSAGEM DA ECLIENTE: Os dias pr\u00f3speros n\u00e3o v\u00eam por acaso - eCliente Desenvolvimento de Sites e Marketing Digital\" \/>\n<meta property=\"og:url\" content=\"https:\/\/ecliente2.com.br\/site\/mensagem-da-ecliente-os-dias-prosperos-nao-vem-por-acaso\/\" \/>\n<meta property=\"og:site_name\" content=\"eCliente Desenvolvimento de Sites e Marketing Digital\" \/>\n<meta property=\"article:publisher\" content=\"https:\/\/www.facebook.com\/ecliente\" \/>\n<meta property=\"article:published_time\" content=\"2014-12-17T10:41:15+00:00\" \/>\n<meta property=\"og:image\" content=\"http:\/\/ecliente2.com.br\/banners\/natal2014.jpg\" \/>\n<meta name=\"author\" content=\"Gustavo\" \/>\n<meta name=\"twitter:label1\" content=\"Escrito por\" \/>\n\t<meta name=\"twitter:data1\" content=\"Gustavo\" \/>\n<script type=\"application\/ld+json\" class=\"yoast-schema-graph\">{\"@context\":\"https:\\\/\\\/schema.org\",\"@graph\":[{\"@type\":\"Article\",\"@id\":\"https:\\\/\\\/ecliente2.com.br\\\/site\\\/mensagem-da-ecliente-os-dias-prosperos-nao-vem-por-acaso\\\/#article\",\"isPartOf\":{\"@id\":\"https:\\\/\\\/ecliente2.com.br\\\/site\\\/mensagem-da-ecliente-os-dias-prosperos-nao-vem-por-acaso\\\/\"},\"author\":{\"name\":\"Gustavo\",\"@id\":\"https:\\\/\\\/ecliente2.com.br\\\/site\\\/#\\\/schema\\\/person\\\/76d2c3c71a8618e6b9d05975d18a367a\"},\"headline\":\"MENSAGEM DA ECLIENTE: Os dias pr\u00f3speros n\u00e3o v\u00eam por acaso\",\"datePublished\":\"2014-12-17T10:41:15+00:00\",\"mainEntityOfPage\":{\"@id\":\"https:\\\/\\\/ecliente2.com.br\\\/site\\\/mensagem-da-ecliente-os-dias-prosperos-nao-vem-por-acaso\\\/\"},\"wordCount\":24,\"commentCount\":0,\"image\":{\"@id\":\"https:\\\/\\\/ecliente2.com.br\\\/site\\\/mensagem-da-ecliente-os-dias-prosperos-nao-vem-por-acaso\\\/#primaryimage\"},\"thumbnailUrl\":\"http:\\\/\\\/ecliente2.com.br\\\/banners\\\/natal2014.jpg\",\"keywords\":[\"mensagem de natal\"],\"articleSection\":[\"Blog\"],\"inLanguage\":\"pt-BR\",\"potentialAction\":[{\"@type\":\"CommentAction\",\"name\":\"Comment\",\"target\":[\"https:\\\/\\\/ecliente2.com.br\\\/site\\\/mensagem-da-ecliente-os-dias-prosperos-nao-vem-por-acaso\\\/#respond\"]}]},{\"@type\":\"WebPage\",\"@id\":\"https:\\\/\\\/ecliente2.com.br\\\/site\\\/mensagem-da-ecliente-os-dias-prosperos-nao-vem-por-acaso\\\/\",\"url\":\"https:\\\/\\\/ecliente2.com.br\\\/site\\\/mensagem-da-ecliente-os-dias-prosperos-nao-vem-por-acaso\\\/\",\"name\":\"MENSAGEM DA ECLIENTE: Os dias pr\u00f3speros n\u00e3o v\u00eam por acaso - eCliente Desenvolvimento de Sites e Marketing Digital\",\"isPartOf\":{\"@id\":\"https:\\\/\\\/ecliente2.com.br\\\/site\\\/#website\"},\"primaryImageOfPage\":{\"@id\":\"https:\\\/\\\/ecliente2.com.br\\\/site\\\/mensagem-da-ecliente-os-dias-prosperos-nao-vem-por-acaso\\\/#primaryimage\"},\"image\":{\"@id\":\"https:\\\/\\\/ecliente2.com.br\\\/site\\\/mensagem-da-ecliente-os-dias-prosperos-nao-vem-por-acaso\\\/#primaryimage\"},\"thumbnailUrl\":\"http:\\\/\\\/ecliente2.com.br\\\/banners\\\/natal2014.jpg\",\"datePublished\":\"2014-12-17T10:41:15+00:00\",\"author\":{\"@id\":\"https:\\\/\\\/ecliente2.com.br\\\/site\\\/#\\\/schema\\\/person\\\/76d2c3c71a8618e6b9d05975d18a367a\"},\"breadcrumb\":{\"@id\":\"https:\\\/\\\/ecliente2.com.br\\\/site\\\/mensagem-da-ecliente-os-dias-prosperos-nao-vem-por-acaso\\\/#breadcrumb\"},\"inLanguage\":\"pt-BR\",\"potentialAction\":[{\"@type\":\"ReadAction\",\"target\":[\"https:\\\/\\\/ecliente2.com.br\\\/site\\\/mensagem-da-ecliente-os-dias-prosperos-nao-vem-por-acaso\\\/\"]}]},{\"@type\":\"ImageObject\",\"inLanguage\":\"pt-BR\",\"@id\":\"https:\\\/\\\/ecliente2.com.br\\\/site\\\/mensagem-da-ecliente-os-dias-prosperos-nao-vem-por-acaso\\\/#primaryimage\",\"url\":\"http:\\\/\\\/ecliente2.com.br\\\/banners\\\/natal2014.jpg\",\"contentUrl\":\"http:\\\/\\\/ecliente2.com.br\\\/banners\\\/natal2014.jpg\"},{\"@type\":\"BreadcrumbList\",\"@id\":\"https:\\\/\\\/ecliente2.com.br\\\/site\\\/mensagem-da-ecliente-os-dias-prosperos-nao-vem-por-acaso\\\/#breadcrumb\",\"itemListElement\":[{\"@type\":\"ListItem\",\"position\":1,\"name\":\"In\u00edcio\",\"item\":\"https:\\\/\\\/ecliente2.com.br\\\/site\\\/\"},{\"@type\":\"ListItem\",\"position\":2,\"name\":\"MENSAGEM DA ECLIENTE: Os dias pr\u00f3speros n\u00e3o v\u00eam por acaso\"}]},{\"@type\":\"WebSite\",\"@id\":\"https:\\\/\\\/ecliente2.com.br\\\/site\\\/#website\",\"url\":\"https:\\\/\\\/ecliente2.com.br\\\/site\\\/\",\"name\":\"eCliente Desenvolvimento de Sites e Marketing Digital\",\"description\":\"Desenvolvimento de Sites e Software\",\"potentialAction\":[{\"@type\":\"SearchAction\",\"target\":{\"@type\":\"EntryPoint\",\"urlTemplate\":\"https:\\\/\\\/ecliente2.com.br\\\/site\\\/?s={search_term_string}\"},\"query-input\":{\"@type\":\"PropertyValueSpecification\",\"valueRequired\":true,\"valueName\":\"search_term_string\"}}],\"inLanguage\":\"pt-BR\"},{\"@type\":\"Person\",\"@id\":\"https:\\\/\\\/ecliente2.com.br\\\/site\\\/#\\\/schema\\\/person\\\/76d2c3c71a8618e6b9d05975d18a367a\",\"name\":\"Gustavo\",\"image\":{\"@type\":\"ImageObject\",\"inLanguage\":\"pt-BR\",\"@id\":\"https:\\\/\\\/secure.gravatar.com\\\/avatar\\\/12f7f6f94781037a850f5584361f6ed6a96a78bcab85748aaec76a511fc688e4?s=96&d=mm&r=g\",\"url\":\"https:\\\/\\\/secure.gravatar.com\\\/avatar\\\/12f7f6f94781037a850f5584361f6ed6a96a78bcab85748aaec76a511fc688e4?s=96&d=mm&r=g\",\"contentUrl\":\"https:\\\/\\\/secure.gravatar.com\\\/avatar\\\/12f7f6f94781037a850f5584361f6ed6a96a78bcab85748aaec76a511fc688e4?s=96&d=mm&r=g\",\"caption\":\"Gustavo\"},\"description\":\"Diretor e fundador da eCliente Tecnologia da Informa\u00e7\u00e3o. Atua na \u00e1rea de desenvolvimento de sistemas e estrat\u00e9gias em Marketing Digital. Foi professor de cursos de Gradua\u00e7\u00e3o e P\u00f3s Gradua\u00e7\u00e3o na \u00e1rea de Sistemas de Informa\u00e7\u00e3o e Administra\u00e7\u00e3o. https:\\\/\\\/www.instagram.com\\\/50bem\",\"url\":\"https:\\\/\\\/ecliente2.com.br\\\/site\\\/author\\\/admin\\\/\"}]}<\/script>\n<!-- \/ Yoast SEO plugin. -->","yoast_head_json":{"title":"MENSAGEM DA ECLIENTE: Os dias pr\u00f3speros n\u00e3o v\u00eam por acaso - eCliente Desenvolvimento de Sites e Marketing Digital","robots":{"index":"index","follow":"follow","max-snippet":"max-snippet:-1","max-image-preview":"max-image-preview:large","max-video-preview":"max-video-preview:-1"},"canonical":"https:\/\/ecliente2.com.br\/site\/mensagem-da-ecliente-os-dias-prosperos-nao-vem-por-acaso\/","og_locale":"pt_BR","og_type":"article","og_title":"MENSAGEM DA ECLIENTE: Os dias pr\u00f3speros n\u00e3o v\u00eam por acaso - eCliente Desenvolvimento de Sites e Marketing Digital","og_url":"https:\/\/ecliente2.com.br\/site\/mensagem-da-ecliente-os-dias-prosperos-nao-vem-por-acaso\/","og_site_name":"eCliente Desenvolvimento de Sites e Marketing Digital","article_publisher":"https:\/\/www.facebook.com\/ecliente","article_published_time":"2014-12-17T10:41:15+00:00","og_image":[{"url":"http:\/\/ecliente2.com.br\/banners\/natal2014.jpg","type":"","width":"","height":""}],"author":"Gustavo","twitter_misc":{"Escrito por":"Gustavo"},"schema":{"@context":"https:\/\/schema.org","@graph":[{"@type":"Article","@id":"https:\/\/ecliente2.com.br\/site\/mensagem-da-ecliente-os-dias-prosperos-nao-vem-por-acaso\/#article","isPartOf":{"@id":"https:\/\/ecliente2.com.br\/site\/mensagem-da-ecliente-os-dias-prosperos-nao-vem-por-acaso\/"},"author":{"name":"Gustavo","@id":"https:\/\/ecliente2.com.br\/site\/#\/schema\/person\/76d2c3c71a8618e6b9d05975d18a367a"},"headline":"MENSAGEM DA ECLIENTE: Os dias pr\u00f3speros n\u00e3o v\u00eam por acaso","datePublished":"2014-12-17T10:41:15+00:00","mainEntityOfPage":{"@id":"https:\/\/ecliente2.com.br\/site\/mensagem-da-ecliente-os-dias-prosperos-nao-vem-por-acaso\/"},"wordCount":24,"commentCount":0,"image":{"@id":"https:\/\/ecliente2.com.br\/site\/mensagem-da-ecliente-os-dias-prosperos-nao-vem-por-acaso\/#primaryimage"},"thumbnailUrl":"http:\/\/ecliente2.com.br\/banners\/natal2014.jpg","keywords":["mensagem de natal"],"articleSection":["Blog"],"inLanguage":"pt-BR","potentialAction":[{"@type":"CommentAction","name":"Comment","target":["https:\/\/ecliente2.com.br\/site\/mensagem-da-ecliente-os-dias-prosperos-nao-vem-por-acaso\/#respond"]}]},{"@type":"WebPage","@id":"https:\/\/ecliente2.com.br\/site\/mensagem-da-ecliente-os-dias-prosperos-nao-vem-por-acaso\/","url":"https:\/\/ecliente2.com.br\/site\/mensagem-da-ecliente-os-dias-prosperos-nao-vem-por-acaso\/","name":"MENSAGEM DA ECLIENTE: Os dias pr\u00f3speros n\u00e3o v\u00eam por acaso - eCliente Desenvolvimento de Sites e Marketing Digital","isPartOf":{"@id":"https:\/\/ecliente2.com.br\/site\/#website"},"primaryImageOfPage":{"@id":"https:\/\/ecliente2.com.br\/site\/mensagem-da-ecliente-os-dias-prosperos-nao-vem-por-acaso\/#primaryimage"},"image":{"@id":"https:\/\/ecliente2.com.br\/site\/mensagem-da-ecliente-os-dias-prosperos-nao-vem-por-acaso\/#primaryimage"},"thumbnailUrl":"http:\/\/ecliente2.com.br\/banners\/natal2014.jpg","datePublished":"2014-12-17T10:41:15+00:00","author":{"@id":"https:\/\/ecliente2.com.br\/site\/#\/schema\/person\/76d2c3c71a8618e6b9d05975d18a367a"},"breadcrumb":{"@id":"https:\/\/ecliente2.com.br\/site\/mensagem-da-ecliente-os-dias-prosperos-nao-vem-por-acaso\/#breadcrumb"},"inLanguage":"pt-BR","potentialAction":[{"@type":"ReadAction","target":["https:\/\/ecliente2.com.br\/site\/mensagem-da-ecliente-os-dias-prosperos-nao-vem-por-acaso\/"]}]},{"@type":"ImageObject","inLanguage":"pt-BR","@id":"https:\/\/ecliente2.com.br\/site\/mensagem-da-ecliente-os-dias-prosperos-nao-vem-por-acaso\/#primaryimage","url":"http:\/\/ecliente2.com.br\/banners\/natal2014.jpg","contentUrl":"http:\/\/ecliente2.com.br\/banners\/natal2014.jpg"},{"@type":"BreadcrumbList","@id":"https:\/\/ecliente2.com.br\/site\/mensagem-da-ecliente-os-dias-prosperos-nao-vem-por-acaso\/#breadcrumb","itemListElement":[{"@type":"ListItem","position":1,"name":"In\u00edcio","item":"https:\/\/ecliente2.com.br\/site\/"},{"@type":"ListItem","position":2,"name":"MENSAGEM DA ECLIENTE: Os dias pr\u00f3speros n\u00e3o v\u00eam por acaso"}]},{"@type":"WebSite","@id":"https:\/\/ecliente2.com.br\/site\/#website","url":"https:\/\/ecliente2.com.br\/site\/","name":"eCliente Desenvolvimento de Sites e Marketing Digital","description":"Desenvolvimento de Sites e Software","potentialAction":[{"@type":"SearchAction","target":{"@type":"EntryPoint","urlTemplate":"https:\/\/ecliente2.com.br\/site\/?s={search_term_string}"},"query-input":{"@type":"PropertyValueSpecification","valueRequired":true,"valueName":"search_term_string"}}],"inLanguage":"pt-BR"},{"@type":"Person","@id":"https:\/\/ecliente2.com.br\/site\/#\/schema\/person\/76d2c3c71a8618e6b9d05975d18a367a","name":"Gustavo","image":{"@type":"ImageObject","inLanguage":"pt-BR","@id":"https:\/\/secure.gravatar.com\/avatar\/12f7f6f94781037a850f5584361f6ed6a96a78bcab85748aaec76a511fc688e4?s=96&d=mm&r=g","url":"https:\/\/secure.gravatar.com\/avatar\/12f7f6f94781037a850f5584361f6ed6a96a78bcab85748aaec76a511fc688e4?s=96&d=mm&r=g","contentUrl":"https:\/\/secure.gravatar.com\/avatar\/12f7f6f94781037a850f5584361f6ed6a96a78bcab85748aaec76a511fc688e4?s=96&d=mm&r=g","caption":"Gustavo"},"description":"Diretor e fundador da eCliente Tecnologia da Informa\u00e7\u00e3o. Atua na \u00e1rea de desenvolvimento de sistemas e estrat\u00e9gias em Marketing Digital. Foi professor de cursos de Gradua\u00e7\u00e3o e P\u00f3s Gradua\u00e7\u00e3o na \u00e1rea de Sistemas de Informa\u00e7\u00e3o e Administra\u00e7\u00e3o. https:\/\/www.instagram.com\/50bem","url":"https:\/\/ecliente2.com.br\/site\/author\/admin\/"}]}},"_links":{"self":[{"href":"https:\/\/ecliente2.com.br\/site\/wp-json\/wp\/v2\/posts\/1414","targetHints":{"allow":["GET"]}}],"collection":[{"href":"https:\/\/ecliente2.com.br\/site\/wp-json\/wp\/v2\/posts"}],"about":[{"href":"https:\/\/ecliente2.com.br\/site\/wp-json\/wp\/v2\/types\/post"}],"author":[{"embeddable":true,"href":"https:\/\/ecliente2.com.br\/site\/wp-json\/wp\/v2\/users\/2"}],"replies":[{"embeddable":true,"href":"https:\/\/ecliente2.com.br\/site\/wp-json\/wp\/v2\/comments?post=1414"}],"version-history":[{"count":1,"href":"https:\/\/ecliente2.com.br\/site\/wp-json\/wp\/v2\/posts\/1414\/revisions"}],"predecessor-version":[{"id":1415,"href":"https:\/\/ecliente2.com.br\/site\/wp-json\/wp\/v2\/posts\/1414\/revisions\/1415"}],"wp:attachment":[{"href":"https:\/\/ecliente2.com.br\/site\/wp-json\/wp\/v2\/media?parent=1414"}],"wp:term":[{"taxonomy":"category","embeddable":true,"href":"https:\/\/ecliente2.com.br\/site\/wp-json\/wp\/v2\/categories?post=1414"},{"taxonomy":"post_tag","embeddable":true,"href":"https:\/\/ecliente2.com.br\/site\/wp-json\/wp\/v2\/tags?post=1414"}],"curies":[{"name":"wp","href":"https:\/\/api.w.org\/{rel}","templated":true}]}}