{"id":1461,"date":"2015-05-08T20:01:07","date_gmt":"2015-05-08T20:01:07","guid":{"rendered":"http:\/\/ecliente2.com.br\/site\/?p=1461"},"modified":"2015-05-08T20:04:18","modified_gmt":"2015-05-08T20:04:18","slug":"computacao-em-nuvem-e-o-varejo","status":"publish","type":"post","link":"https:\/\/ecliente2.com.br\/site\/computacao-em-nuvem-e-o-varejo\/","title":{"rendered":"Computa\u00e7\u00e3o em nuvem e o Varejo"},"content":{"rendered":"<p>A tecnologia tornou-se indispens\u00e1vel para o setor de varejo em todo o mundo. S\u00e3o in\u00fameras as solu\u00e7\u00f5es tecnol\u00f3gicas que influenciaram diretamente e de forma positiva todos os processos, como o planejamento, a organiza\u00e7\u00e3o e at\u00e9 no ato da venda.<\/p>\n<p>O conceito de computa\u00e7\u00e3o em nuvem (em ingl\u00eas, cloudcomputing) pode ser compreendido como \u00e0 utiliza\u00e7\u00e3o da mem\u00f3ria e das capacidades de armazenamento e c\u00e1lculo,de computadores e servidores compartilhados e interligados por meio da Internet, seguindo o princ\u00edpio da computa\u00e7\u00e3o em grade.<\/p>\n<p>O armazenamento de dados \u00e9 feito em servi\u00e7os que poder\u00e3o ser acessados de qualquer lugar do mundo, a qualquer hora, n\u00e3o havendo necessidade de instala\u00e7\u00e3o de programas ou de armazenar dados. O acesso a programas, servi\u00e7os e arquivos \u00e9 remoto, atrav\u00e9s da Internet, da\u00ed a alus\u00e3o \u00e0 nuvem.<\/p>\n<p>Estima-se que a computa\u00e7\u00e3o em nuvem, nos pr\u00f3ximos anos, provocar\u00e1 tantos efeitos na sociedade quanto o e-business. Hoje convivemos naturalmente com o com\u00e9rcio eletr\u00f4nico e Internet banking, que, ali\u00e1s, est\u00e1 caminhando r\u00e1pido para se tornar Mobile banking. No inicio dos anos 2000 havia muito receio de se usar com\u00e9rcio eletr\u00f4nico, e ter que passar dados dos cart\u00f5es de cr\u00e9dito pela Internet e acessar a conta corrente do banco via Web era viver perigosamente, mas, as coisas mudaram.<\/p>\n<p>E mudaram muito r\u00e1pido! A maioria dos especialistas corroboram que a computa\u00e7\u00e3o em nuvem deve ser considerada uma revolu\u00e7\u00e3o para o mundo corporativo, e que \u00e9 bastante indicada para o varejo, independente do tamanho da loja. A grande vantagem para o varejo \u00e9 a possibilidade de compartilhamento de arquivos, uma vez que todas as informa\u00e7\u00f5es se encontram no mesmo &#8220;lugar&#8221;, ou seja, na &#8220;nuvem computacional&#8221;.<\/p>\n<p>Como desvantagem; pode ser destacado o acesso a internet, caso perca o acesso, comprometer\u00e1 todos os sistemas embarcados. Para utilizar uma nuvem \u00e9 preciso dispor apenas de um equipamento com acesso \u00e0 internet. Isto se faz necess\u00e1rio porque as nuvens ficam localizadas em grandes datas centers conectados \u00e0 rede mundial de computadores, em que as informa\u00e7\u00f5es e sistemas da empresa ficam alocados l\u00e1 e podem ser acessadas a qualquer hora.<\/p>\n<p>No momento da implanta\u00e7\u00e3o dos sistemas de gest\u00e3o em nuvem, demanda um investimento inicial, por\u00e9m estes valores gastos s\u00e3o bem menores do que o necess\u00e1rio no sistema tradicional. O empres\u00e1rio pode acessar os dados da empresa de qualquer lugar, pelos dispositivos m\u00f3veis inclusive viajando.<br \/>\nQuanto a preocupa\u00e7\u00e3o da seguran\u00e7a das informa\u00e7\u00f5es confidenciais merece aten\u00e7\u00e3o especial, e \u00e9 o principal aspecto que suscita d\u00favidas por parte dos empres\u00e1rios, na hora de migrar para a gest\u00e3o na nuvem, principalmente em rela\u00e7\u00e3o \u00e0 privacidade. Quanto a isso, os provedores das nuvens est\u00e3o investindo pesado em seguran\u00e7a e seguem os mais modernos padr\u00f5es internacionais, como a criptografia avan\u00e7ada.<\/p>\n<p>Como regra b\u00e1sica de seguran\u00e7a, vale lembrar em n\u00e3o compartilhar a senha confidencial para outras pessoas, n\u00e3o usar senhas f\u00e1ceis, como datas comemorativas e sequ\u00eancias comuns, entre outras. N\u00e3o h\u00e1 limita\u00e7\u00e3o para alcan\u00e7ar a efic\u00e1cia desejada com o uso da computa\u00e7\u00e3o em nuvem. O mais importante \u00e9 que todos os tamanhos de empresas podem se beneficiar das facilidades oferecidas, investindo dentro das suas possibilidades.<\/p>\n<p>Ser competitivo no mercado atual, \u00e9 tamb\u00e9m dispor das melhores e mais modernas possibilidades para gerir o seu neg\u00f3cio, e a computa\u00e7\u00e3o nas nuvens \u00e9 uma grande oportunidade dispon\u00edvel para os micros e pequenos empres\u00e1rios alcan\u00e7arem o sucesso. Imaginemos o final desta d\u00e9cada,\u2026acredito que n\u00e3o estaremos mais falando em \u201ccloud computing\u201d, mas, apenas em computing, pois cloud ser\u00e1 o nosso modelo mental de pensarmos e usarmos TI.<\/p>\n<p>Al\u00e9m disso, muitos dos profissionais que constru\u00edram o modelo cliente-servidor, dominante hoje, estar\u00e3o se aposentando e os novos profissionais que assumir\u00e3oposi\u00e7\u00f5es de gest\u00e3o, j\u00e1 ter\u00e3o convivido muitos anos com cloud, em casa e no trabalho. Ser\u00e1 natural o uso do cloud,como modelo natural de tecnologia de informa\u00e7\u00e3o.<\/p>\n<p>Portanto, cloud computing n\u00e3o deve ser visto como uma iniciativa de simples cunho tecnol\u00f3gico, de melhoria de infraestrutura, mas deve estar subordinada a uma vis\u00e3o maior, estrat\u00e9gica, de reposicionamento da pr\u00f3pria empresa no mercado.<\/p>\n<p>Colabora\u00e7\u00e3o e autoria: <a href=\"http:\/\/www.giulianimarketing.pro.br\/\">Prof. Giuliani<\/a><\/p>\n","protected":false},"excerpt":{"rendered":"<p>A tecnologia tornou-se indispens\u00e1vel para o setor de varejo em todo o mundo. S\u00e3o in\u00fameras as solu\u00e7\u00f5es tecnol\u00f3gicas que influenciaram diretamente e de forma positiva todos os processos, como o planejamento, a organiza\u00e7\u00e3o e at\u00e9 no ato da venda. O conceito de computa\u00e7\u00e3o em nuvem (em ingl\u00eas, cloudcomputing) pode ser compreendido como \u00e0 utiliza\u00e7\u00e3o da [&hellip;]<\/p>\n","protected":false},"author":2,"featured_media":0,"comment_status":"open","ping_status":"closed","sticky":false,"template":"","format":"standard","meta":{"_acf_changed":false,"footnotes":""},"categories":[1],"tags":[91,92],"class_list":["post-1461","post","type-post","status-publish","format-standard","hentry","category-blog","tag-computacao-em-nuvem","tag-varejo"],"acf":[],"yoast_head":"<!-- This site is optimized with the Yoast SEO plugin v27.5 - https:\/\/yoast.com\/product\/yoast-seo-wordpress\/ -->\n<title>Computa\u00e7\u00e3o em nuvem e o Varejo - eCliente Desenvolvimento de Sites e Marketing Digital<\/title>\n<meta name=\"robots\" content=\"index, follow, max-snippet:-1, max-image-preview:large, max-video-preview:-1\" \/>\n<link rel=\"canonical\" href=\"https:\/\/ecliente2.com.br\/site\/computacao-em-nuvem-e-o-varejo\/\" \/>\n<meta property=\"og:locale\" content=\"pt_BR\" \/>\n<meta property=\"og:type\" content=\"article\" \/>\n<meta property=\"og:title\" content=\"Computa\u00e7\u00e3o em nuvem e o Varejo - eCliente Desenvolvimento de Sites e Marketing Digital\" \/>\n<meta property=\"og:description\" content=\"A tecnologia tornou-se indispens\u00e1vel para o setor de varejo em todo o mundo. S\u00e3o in\u00fameras as solu\u00e7\u00f5es tecnol\u00f3gicas que influenciaram diretamente e de forma positiva todos os processos, como o planejamento, a organiza\u00e7\u00e3o e at\u00e9 no ato da venda. O conceito de computa\u00e7\u00e3o em nuvem (em ingl\u00eas, cloudcomputing) pode ser compreendido como \u00e0 utiliza\u00e7\u00e3o da [&hellip;]\" \/>\n<meta property=\"og:url\" content=\"https:\/\/ecliente2.com.br\/site\/computacao-em-nuvem-e-o-varejo\/\" \/>\n<meta property=\"og:site_name\" content=\"eCliente Desenvolvimento de Sites e Marketing Digital\" \/>\n<meta property=\"article:publisher\" content=\"https:\/\/www.facebook.com\/ecliente\" \/>\n<meta property=\"article:published_time\" content=\"2015-05-08T20:01:07+00:00\" \/>\n<meta property=\"article:modified_time\" content=\"2015-05-08T20:04:18+00:00\" \/>\n<meta name=\"author\" content=\"Gustavo\" \/>\n<meta name=\"twitter:label1\" content=\"Escrito por\" \/>\n\t<meta name=\"twitter:data1\" content=\"Gustavo\" \/>\n\t<meta name=\"twitter:label2\" content=\"Est. tempo de leitura\" \/>\n\t<meta name=\"twitter:data2\" content=\"4 minutos\" \/>\n<script type=\"application\/ld+json\" class=\"yoast-schema-graph\">{\"@context\":\"https:\\\/\\\/schema.org\",\"@graph\":[{\"@type\":\"Article\",\"@id\":\"https:\\\/\\\/ecliente2.com.br\\\/site\\\/computacao-em-nuvem-e-o-varejo\\\/#article\",\"isPartOf\":{\"@id\":\"https:\\\/\\\/ecliente2.com.br\\\/site\\\/computacao-em-nuvem-e-o-varejo\\\/\"},\"author\":{\"name\":\"Gustavo\",\"@id\":\"https:\\\/\\\/ecliente2.com.br\\\/site\\\/#\\\/schema\\\/person\\\/76d2c3c71a8618e6b9d05975d18a367a\"},\"headline\":\"Computa\u00e7\u00e3o em nuvem e o Varejo\",\"datePublished\":\"2015-05-08T20:01:07+00:00\",\"dateModified\":\"2015-05-08T20:04:18+00:00\",\"mainEntityOfPage\":{\"@id\":\"https:\\\/\\\/ecliente2.com.br\\\/site\\\/computacao-em-nuvem-e-o-varejo\\\/\"},\"wordCount\":744,\"commentCount\":0,\"keywords\":[\"computa\u00e7\u00e3o em nuvem\",\"varejo\"],\"articleSection\":[\"Blog\"],\"inLanguage\":\"pt-BR\",\"potentialAction\":[{\"@type\":\"CommentAction\",\"name\":\"Comment\",\"target\":[\"https:\\\/\\\/ecliente2.com.br\\\/site\\\/computacao-em-nuvem-e-o-varejo\\\/#respond\"]}]},{\"@type\":\"WebPage\",\"@id\":\"https:\\\/\\\/ecliente2.com.br\\\/site\\\/computacao-em-nuvem-e-o-varejo\\\/\",\"url\":\"https:\\\/\\\/ecliente2.com.br\\\/site\\\/computacao-em-nuvem-e-o-varejo\\\/\",\"name\":\"Computa\u00e7\u00e3o em nuvem e o Varejo - eCliente Desenvolvimento de Sites e Marketing Digital\",\"isPartOf\":{\"@id\":\"https:\\\/\\\/ecliente2.com.br\\\/site\\\/#website\"},\"datePublished\":\"2015-05-08T20:01:07+00:00\",\"dateModified\":\"2015-05-08T20:04:18+00:00\",\"author\":{\"@id\":\"https:\\\/\\\/ecliente2.com.br\\\/site\\\/#\\\/schema\\\/person\\\/76d2c3c71a8618e6b9d05975d18a367a\"},\"breadcrumb\":{\"@id\":\"https:\\\/\\\/ecliente2.com.br\\\/site\\\/computacao-em-nuvem-e-o-varejo\\\/#breadcrumb\"},\"inLanguage\":\"pt-BR\",\"potentialAction\":[{\"@type\":\"ReadAction\",\"target\":[\"https:\\\/\\\/ecliente2.com.br\\\/site\\\/computacao-em-nuvem-e-o-varejo\\\/\"]}]},{\"@type\":\"BreadcrumbList\",\"@id\":\"https:\\\/\\\/ecliente2.com.br\\\/site\\\/computacao-em-nuvem-e-o-varejo\\\/#breadcrumb\",\"itemListElement\":[{\"@type\":\"ListItem\",\"position\":1,\"name\":\"In\u00edcio\",\"item\":\"https:\\\/\\\/ecliente2.com.br\\\/site\\\/\"},{\"@type\":\"ListItem\",\"position\":2,\"name\":\"Computa\u00e7\u00e3o em nuvem e o Varejo\"}]},{\"@type\":\"WebSite\",\"@id\":\"https:\\\/\\\/ecliente2.com.br\\\/site\\\/#website\",\"url\":\"https:\\\/\\\/ecliente2.com.br\\\/site\\\/\",\"name\":\"eCliente Desenvolvimento de Sites e Marketing Digital\",\"description\":\"Desenvolvimento de Sites e Software\",\"potentialAction\":[{\"@type\":\"SearchAction\",\"target\":{\"@type\":\"EntryPoint\",\"urlTemplate\":\"https:\\\/\\\/ecliente2.com.br\\\/site\\\/?s={search_term_string}\"},\"query-input\":{\"@type\":\"PropertyValueSpecification\",\"valueRequired\":true,\"valueName\":\"search_term_string\"}}],\"inLanguage\":\"pt-BR\"},{\"@type\":\"Person\",\"@id\":\"https:\\\/\\\/ecliente2.com.br\\\/site\\\/#\\\/schema\\\/person\\\/76d2c3c71a8618e6b9d05975d18a367a\",\"name\":\"Gustavo\",\"image\":{\"@type\":\"ImageObject\",\"inLanguage\":\"pt-BR\",\"@id\":\"https:\\\/\\\/secure.gravatar.com\\\/avatar\\\/12f7f6f94781037a850f5584361f6ed6a96a78bcab85748aaec76a511fc688e4?s=96&d=mm&r=g\",\"url\":\"https:\\\/\\\/secure.gravatar.com\\\/avatar\\\/12f7f6f94781037a850f5584361f6ed6a96a78bcab85748aaec76a511fc688e4?s=96&d=mm&r=g\",\"contentUrl\":\"https:\\\/\\\/secure.gravatar.com\\\/avatar\\\/12f7f6f94781037a850f5584361f6ed6a96a78bcab85748aaec76a511fc688e4?s=96&d=mm&r=g\",\"caption\":\"Gustavo\"},\"description\":\"Diretor e fundador da eCliente Tecnologia da Informa\u00e7\u00e3o. Atua na \u00e1rea de desenvolvimento de sistemas e estrat\u00e9gias em Marketing Digital. Foi professor de cursos de Gradua\u00e7\u00e3o e P\u00f3s Gradua\u00e7\u00e3o na \u00e1rea de Sistemas de Informa\u00e7\u00e3o e Administra\u00e7\u00e3o. https:\\\/\\\/www.instagram.com\\\/50bem\",\"url\":\"https:\\\/\\\/ecliente2.com.br\\\/site\\\/author\\\/admin\\\/\"}]}<\/script>\n<!-- \/ Yoast SEO plugin. -->","yoast_head_json":{"title":"Computa\u00e7\u00e3o em nuvem e o Varejo - eCliente Desenvolvimento de Sites e Marketing Digital","robots":{"index":"index","follow":"follow","max-snippet":"max-snippet:-1","max-image-preview":"max-image-preview:large","max-video-preview":"max-video-preview:-1"},"canonical":"https:\/\/ecliente2.com.br\/site\/computacao-em-nuvem-e-o-varejo\/","og_locale":"pt_BR","og_type":"article","og_title":"Computa\u00e7\u00e3o em nuvem e o Varejo - eCliente Desenvolvimento de Sites e Marketing Digital","og_description":"A tecnologia tornou-se indispens\u00e1vel para o setor de varejo em todo o mundo. S\u00e3o in\u00fameras as solu\u00e7\u00f5es tecnol\u00f3gicas que influenciaram diretamente e de forma positiva todos os processos, como o planejamento, a organiza\u00e7\u00e3o e at\u00e9 no ato da venda. O conceito de computa\u00e7\u00e3o em nuvem (em ingl\u00eas, cloudcomputing) pode ser compreendido como \u00e0 utiliza\u00e7\u00e3o da [&hellip;]","og_url":"https:\/\/ecliente2.com.br\/site\/computacao-em-nuvem-e-o-varejo\/","og_site_name":"eCliente Desenvolvimento de Sites e Marketing Digital","article_publisher":"https:\/\/www.facebook.com\/ecliente","article_published_time":"2015-05-08T20:01:07+00:00","article_modified_time":"2015-05-08T20:04:18+00:00","author":"Gustavo","twitter_misc":{"Escrito por":"Gustavo","Est. tempo de leitura":"4 minutos"},"schema":{"@context":"https:\/\/schema.org","@graph":[{"@type":"Article","@id":"https:\/\/ecliente2.com.br\/site\/computacao-em-nuvem-e-o-varejo\/#article","isPartOf":{"@id":"https:\/\/ecliente2.com.br\/site\/computacao-em-nuvem-e-o-varejo\/"},"author":{"name":"Gustavo","@id":"https:\/\/ecliente2.com.br\/site\/#\/schema\/person\/76d2c3c71a8618e6b9d05975d18a367a"},"headline":"Computa\u00e7\u00e3o em nuvem e o Varejo","datePublished":"2015-05-08T20:01:07+00:00","dateModified":"2015-05-08T20:04:18+00:00","mainEntityOfPage":{"@id":"https:\/\/ecliente2.com.br\/site\/computacao-em-nuvem-e-o-varejo\/"},"wordCount":744,"commentCount":0,"keywords":["computa\u00e7\u00e3o em nuvem","varejo"],"articleSection":["Blog"],"inLanguage":"pt-BR","potentialAction":[{"@type":"CommentAction","name":"Comment","target":["https:\/\/ecliente2.com.br\/site\/computacao-em-nuvem-e-o-varejo\/#respond"]}]},{"@type":"WebPage","@id":"https:\/\/ecliente2.com.br\/site\/computacao-em-nuvem-e-o-varejo\/","url":"https:\/\/ecliente2.com.br\/site\/computacao-em-nuvem-e-o-varejo\/","name":"Computa\u00e7\u00e3o em nuvem e o Varejo - eCliente Desenvolvimento de Sites e Marketing Digital","isPartOf":{"@id":"https:\/\/ecliente2.com.br\/site\/#website"},"datePublished":"2015-05-08T20:01:07+00:00","dateModified":"2015-05-08T20:04:18+00:00","author":{"@id":"https:\/\/ecliente2.com.br\/site\/#\/schema\/person\/76d2c3c71a8618e6b9d05975d18a367a"},"breadcrumb":{"@id":"https:\/\/ecliente2.com.br\/site\/computacao-em-nuvem-e-o-varejo\/#breadcrumb"},"inLanguage":"pt-BR","potentialAction":[{"@type":"ReadAction","target":["https:\/\/ecliente2.com.br\/site\/computacao-em-nuvem-e-o-varejo\/"]}]},{"@type":"BreadcrumbList","@id":"https:\/\/ecliente2.com.br\/site\/computacao-em-nuvem-e-o-varejo\/#breadcrumb","itemListElement":[{"@type":"ListItem","position":1,"name":"In\u00edcio","item":"https:\/\/ecliente2.com.br\/site\/"},{"@type":"ListItem","position":2,"name":"Computa\u00e7\u00e3o em nuvem e o Varejo"}]},{"@type":"WebSite","@id":"https:\/\/ecliente2.com.br\/site\/#website","url":"https:\/\/ecliente2.com.br\/site\/","name":"eCliente Desenvolvimento de Sites e Marketing Digital","description":"Desenvolvimento de Sites e Software","potentialAction":[{"@type":"SearchAction","target":{"@type":"EntryPoint","urlTemplate":"https:\/\/ecliente2.com.br\/site\/?s={search_term_string}"},"query-input":{"@type":"PropertyValueSpecification","valueRequired":true,"valueName":"search_term_string"}}],"inLanguage":"pt-BR"},{"@type":"Person","@id":"https:\/\/ecliente2.com.br\/site\/#\/schema\/person\/76d2c3c71a8618e6b9d05975d18a367a","name":"Gustavo","image":{"@type":"ImageObject","inLanguage":"pt-BR","@id":"https:\/\/secure.gravatar.com\/avatar\/12f7f6f94781037a850f5584361f6ed6a96a78bcab85748aaec76a511fc688e4?s=96&d=mm&r=g","url":"https:\/\/secure.gravatar.com\/avatar\/12f7f6f94781037a850f5584361f6ed6a96a78bcab85748aaec76a511fc688e4?s=96&d=mm&r=g","contentUrl":"https:\/\/secure.gravatar.com\/avatar\/12f7f6f94781037a850f5584361f6ed6a96a78bcab85748aaec76a511fc688e4?s=96&d=mm&r=g","caption":"Gustavo"},"description":"Diretor e fundador da eCliente Tecnologia da Informa\u00e7\u00e3o. Atua na \u00e1rea de desenvolvimento de sistemas e estrat\u00e9gias em Marketing Digital. Foi professor de cursos de Gradua\u00e7\u00e3o e P\u00f3s Gradua\u00e7\u00e3o na \u00e1rea de Sistemas de Informa\u00e7\u00e3o e Administra\u00e7\u00e3o. https:\/\/www.instagram.com\/50bem","url":"https:\/\/ecliente2.com.br\/site\/author\/admin\/"}]}},"_links":{"self":[{"href":"https:\/\/ecliente2.com.br\/site\/wp-json\/wp\/v2\/posts\/1461","targetHints":{"allow":["GET"]}}],"collection":[{"href":"https:\/\/ecliente2.com.br\/site\/wp-json\/wp\/v2\/posts"}],"about":[{"href":"https:\/\/ecliente2.com.br\/site\/wp-json\/wp\/v2\/types\/post"}],"author":[{"embeddable":true,"href":"https:\/\/ecliente2.com.br\/site\/wp-json\/wp\/v2\/users\/2"}],"replies":[{"embeddable":true,"href":"https:\/\/ecliente2.com.br\/site\/wp-json\/wp\/v2\/comments?post=1461"}],"version-history":[{"count":3,"href":"https:\/\/ecliente2.com.br\/site\/wp-json\/wp\/v2\/posts\/1461\/revisions"}],"predecessor-version":[{"id":1464,"href":"https:\/\/ecliente2.com.br\/site\/wp-json\/wp\/v2\/posts\/1461\/revisions\/1464"}],"wp:attachment":[{"href":"https:\/\/ecliente2.com.br\/site\/wp-json\/wp\/v2\/media?parent=1461"}],"wp:term":[{"taxonomy":"category","embeddable":true,"href":"https:\/\/ecliente2.com.br\/site\/wp-json\/wp\/v2\/categories?post=1461"},{"taxonomy":"post_tag","embeddable":true,"href":"https:\/\/ecliente2.com.br\/site\/wp-json\/wp\/v2\/tags?post=1461"}],"curies":[{"name":"wp","href":"https:\/\/api.w.org\/{rel}","templated":true}]}}