{"id":1750,"date":"2014-05-19T12:13:51","date_gmt":"2014-05-19T12:13:51","guid":{"rendered":"http:\/\/ecliente2.com.br\/site\/?p=1302"},"modified":"2014-05-19T12:13:51","modified_gmt":"2014-05-19T12:13:51","slug":"eu-comprometo-nova-rede-social-para-assumir-compromissos-e-receber-apoio-de-amigos-2","status":"publish","type":"post","link":"https:\/\/ecliente2.com.br\/site\/eu-comprometo-nova-rede-social-para-assumir-compromissos-e-receber-apoio-de-amigos-2\/","title":{"rendered":"EU ME COMPROMETO: Nova rede social para assumir compromissos e receber apoio de amigos"},"content":{"rendered":"<p>\u00c9 sempre assim, na virada do ano assumimos alguns compromissos que nunca s\u00e3o efetivamente conclu\u00eddos, seja por falta de tempo, por descaso ou por falta de motiva\u00e7\u00e3o. Com esse foco, a eCliente Tecnologia da Informa\u00e7\u00e3o junto com o Prof. Elisson de Andrade, desenvolveu um sistema chamado &#8220;EU ME COMPROMETO.com.br&#8221;.<\/p>\n<p>Trata-se de uma rede social que permite ao usu\u00e1rio divulgar publicamente compromissos e relatar diariamente o progresso obtido e os resultados alcan\u00e7ados. Al\u00e9m disso, o sistema permite<img fetchpriority=\"high\" decoding=\"async\" class=\"alignleft wp-image-1303 size-medium\" src=\"http:\/\/ecliente2.com.br\/site\/wp-content\/uploads\/2014\/05\/foto-200x300.png\" alt=\"foto\" width=\"200\" height=\"300\" srcset=\"https:\/\/ecliente2.com.br\/site\/wp-content\/uploads\/2014\/05\/foto-200x300.png 200w, https:\/\/ecliente2.com.br\/site\/wp-content\/uploads\/2014\/05\/foto.png 640w\" sizes=\"(max-width: 200px) 100vw, 200px\" \/> convidar amigos que frequentemente poder\u00e3o dar apoio, com mensagens motivacionais e desafios, ajudando o usu\u00e1rio a alcan\u00e7ar de forma plena o objetivo tra\u00e7ado.<\/p>\n<p>Seja um desafio de sa\u00fade, como caminhar 30 minutos por dia, ou conseguir uma nova habilidade como falar um novo idioma, o site EU ME COMPROMETO, com o apoio de v\u00eddeos motivacionais, auxilia o usu\u00e1rio a criar um novo h\u00e1bito para, posteriormente, a pessoa conseguir prosseguir com o desafio sozinha.<\/p>\n<p>A rede social \u00e9 gratu\u00edta e pode ser acessada pela sua conta do Facebook, acesse <a href=\"http:\/\/www.eumecomprometo.com.br\" target=\"_blank\">www.eumecomprometo.com.br<\/a> e conhe\u00e7a esta ferramenta.<\/p>\n<p>Assista tamb\u00e9m a um v\u00eddeo de apresenta\u00e7\u00e3o do &#8220;EU ME COMPROMETO.com.br&#8221; (<a href=\"http:\/\/vimeo.com\/user20370214\/review\/86440568\/45aef6e6c7\">V\u00eddeo<\/a>).<\/p>\n<p>Conhe\u00e7a tamb\u00e9m o trabalho do Prof. Elisson, <a href=\"http:\/\/profelisson.com.br\/\" target=\"_blank\">www.profelisson.com.br<\/a>.<\/p>\n<p>&nbsp;<\/p>\n<p>&nbsp;<\/p>\n<p>&nbsp;<\/p>\n","protected":false},"excerpt":{"rendered":"<p>\u00c9 sempre assim, na virada do ano assumimos alguns compromissos que nunca s\u00e3o efetivamente conclu\u00eddos, seja por falta de tempo, por descaso ou por falta de motiva\u00e7\u00e3o. Com esse foco, a eCliente Tecnologia da Informa\u00e7\u00e3o junto com o Prof. Elisson de Andrade, desenvolveu um sistema chamado &#8220;EU ME COMPROMETO.com.br&#8221;. Trata-se de uma rede social que [&hellip;]<\/p>\n","protected":false},"author":2,"featured_media":0,"comment_status":"open","ping_status":"closed","sticky":false,"template":"","format":"standard","meta":{"_acf_changed":false,"footnotes":""},"categories":[1],"tags":[50,47,49,48],"class_list":["post-1750","post","type-post","status-publish","format-standard","hentry","category-blog","tag-compromisso-publico","tag-eu-me-comprometo","tag-mudanca-de-habito","tag-rede-social"],"acf":[],"yoast_head":"<!-- This site is optimized with the Yoast SEO plugin v27.5 - https:\/\/yoast.com\/product\/yoast-seo-wordpress\/ -->\n<title>EU ME COMPROMETO: Nova rede social para assumir compromissos e receber apoio de amigos - eCliente Desenvolvimento de Sites e Marketing Digital<\/title>\n<meta name=\"robots\" content=\"index, follow, max-snippet:-1, max-image-preview:large, max-video-preview:-1\" \/>\n<link rel=\"canonical\" href=\"https:\/\/ecliente2.com.br\/site\/eu-comprometo-nova-rede-social-para-assumir-compromissos-e-receber-apoio-de-amigos-2\/\" \/>\n<meta property=\"og:locale\" content=\"pt_BR\" \/>\n<meta property=\"og:type\" content=\"article\" \/>\n<meta property=\"og:title\" content=\"EU ME COMPROMETO: Nova rede social para assumir compromissos e receber apoio de amigos - eCliente Desenvolvimento de Sites e Marketing Digital\" \/>\n<meta property=\"og:description\" content=\"\u00c9 sempre assim, na virada do ano assumimos alguns compromissos que nunca s\u00e3o efetivamente conclu\u00eddos, seja por falta de tempo, por descaso ou por falta de motiva\u00e7\u00e3o. Com esse foco, a eCliente Tecnologia da Informa\u00e7\u00e3o junto com o Prof. Elisson de Andrade, desenvolveu um sistema chamado &#8220;EU ME COMPROMETO.com.br&#8221;. Trata-se de uma rede social que [&hellip;]\" \/>\n<meta property=\"og:url\" content=\"https:\/\/ecliente2.com.br\/site\/eu-comprometo-nova-rede-social-para-assumir-compromissos-e-receber-apoio-de-amigos-2\/\" \/>\n<meta property=\"og:site_name\" content=\"eCliente Desenvolvimento de Sites e Marketing Digital\" \/>\n<meta property=\"article:publisher\" content=\"https:\/\/www.facebook.com\/ecliente\" \/>\n<meta property=\"article:published_time\" content=\"2014-05-19T12:13:51+00:00\" \/>\n<meta property=\"og:image\" content=\"http:\/\/ecliente2.com.br\/site\/wp-content\/uploads\/2014\/05\/foto-200x300.png\" \/>\n<meta name=\"author\" content=\"Gustavo\" \/>\n<meta name=\"twitter:label1\" content=\"Escrito por\" \/>\n\t<meta name=\"twitter:data1\" content=\"Gustavo\" \/>\n\t<meta name=\"twitter:label2\" content=\"Est. tempo de leitura\" \/>\n\t<meta name=\"twitter:data2\" content=\"1 minuto\" \/>\n<script type=\"application\/ld+json\" class=\"yoast-schema-graph\">{\"@context\":\"https:\\\/\\\/schema.org\",\"@graph\":[{\"@type\":\"Article\",\"@id\":\"https:\\\/\\\/ecliente2.com.br\\\/site\\\/eu-comprometo-nova-rede-social-para-assumir-compromissos-e-receber-apoio-de-amigos-2\\\/#article\",\"isPartOf\":{\"@id\":\"https:\\\/\\\/ecliente2.com.br\\\/site\\\/eu-comprometo-nova-rede-social-para-assumir-compromissos-e-receber-apoio-de-amigos-2\\\/\"},\"author\":{\"name\":\"Gustavo\",\"@id\":\"https:\\\/\\\/ecliente2.com.br\\\/site\\\/#\\\/schema\\\/person\\\/76d2c3c71a8618e6b9d05975d18a367a\"},\"headline\":\"EU ME COMPROMETO: Nova rede social para assumir compromissos e receber apoio de amigos\",\"datePublished\":\"2014-05-19T12:13:51+00:00\",\"mainEntityOfPage\":{\"@id\":\"https:\\\/\\\/ecliente2.com.br\\\/site\\\/eu-comprometo-nova-rede-social-para-assumir-compromissos-e-receber-apoio-de-amigos-2\\\/\"},\"wordCount\":236,\"commentCount\":0,\"image\":{\"@id\":\"https:\\\/\\\/ecliente2.com.br\\\/site\\\/eu-comprometo-nova-rede-social-para-assumir-compromissos-e-receber-apoio-de-amigos-2\\\/#primaryimage\"},\"thumbnailUrl\":\"http:\\\/\\\/ecliente2.com.br\\\/site\\\/wp-content\\\/uploads\\\/2014\\\/05\\\/foto-200x300.png\",\"keywords\":[\"compromisso publico\",\"eu me comprometo\",\"mudan\u00e7a de habito\",\"rede social\"],\"articleSection\":[\"Blog\"],\"inLanguage\":\"pt-BR\",\"potentialAction\":[{\"@type\":\"CommentAction\",\"name\":\"Comment\",\"target\":[\"https:\\\/\\\/ecliente2.com.br\\\/site\\\/eu-comprometo-nova-rede-social-para-assumir-compromissos-e-receber-apoio-de-amigos-2\\\/#respond\"]}]},{\"@type\":\"WebPage\",\"@id\":\"https:\\\/\\\/ecliente2.com.br\\\/site\\\/eu-comprometo-nova-rede-social-para-assumir-compromissos-e-receber-apoio-de-amigos-2\\\/\",\"url\":\"https:\\\/\\\/ecliente2.com.br\\\/site\\\/eu-comprometo-nova-rede-social-para-assumir-compromissos-e-receber-apoio-de-amigos-2\\\/\",\"name\":\"EU ME COMPROMETO: Nova rede social para assumir compromissos e receber apoio de amigos - eCliente Desenvolvimento de Sites e Marketing Digital\",\"isPartOf\":{\"@id\":\"https:\\\/\\\/ecliente2.com.br\\\/site\\\/#website\"},\"primaryImageOfPage\":{\"@id\":\"https:\\\/\\\/ecliente2.com.br\\\/site\\\/eu-comprometo-nova-rede-social-para-assumir-compromissos-e-receber-apoio-de-amigos-2\\\/#primaryimage\"},\"image\":{\"@id\":\"https:\\\/\\\/ecliente2.com.br\\\/site\\\/eu-comprometo-nova-rede-social-para-assumir-compromissos-e-receber-apoio-de-amigos-2\\\/#primaryimage\"},\"thumbnailUrl\":\"http:\\\/\\\/ecliente2.com.br\\\/site\\\/wp-content\\\/uploads\\\/2014\\\/05\\\/foto-200x300.png\",\"datePublished\":\"2014-05-19T12:13:51+00:00\",\"author\":{\"@id\":\"https:\\\/\\\/ecliente2.com.br\\\/site\\\/#\\\/schema\\\/person\\\/76d2c3c71a8618e6b9d05975d18a367a\"},\"breadcrumb\":{\"@id\":\"https:\\\/\\\/ecliente2.com.br\\\/site\\\/eu-comprometo-nova-rede-social-para-assumir-compromissos-e-receber-apoio-de-amigos-2\\\/#breadcrumb\"},\"inLanguage\":\"pt-BR\",\"potentialAction\":[{\"@type\":\"ReadAction\",\"target\":[\"https:\\\/\\\/ecliente2.com.br\\\/site\\\/eu-comprometo-nova-rede-social-para-assumir-compromissos-e-receber-apoio-de-amigos-2\\\/\"]}]},{\"@type\":\"ImageObject\",\"inLanguage\":\"pt-BR\",\"@id\":\"https:\\\/\\\/ecliente2.com.br\\\/site\\\/eu-comprometo-nova-rede-social-para-assumir-compromissos-e-receber-apoio-de-amigos-2\\\/#primaryimage\",\"url\":\"http:\\\/\\\/ecliente2.com.br\\\/site\\\/wp-content\\\/uploads\\\/2014\\\/05\\\/foto-200x300.png\",\"contentUrl\":\"http:\\\/\\\/ecliente2.com.br\\\/site\\\/wp-content\\\/uploads\\\/2014\\\/05\\\/foto-200x300.png\"},{\"@type\":\"BreadcrumbList\",\"@id\":\"https:\\\/\\\/ecliente2.com.br\\\/site\\\/eu-comprometo-nova-rede-social-para-assumir-compromissos-e-receber-apoio-de-amigos-2\\\/#breadcrumb\",\"itemListElement\":[{\"@type\":\"ListItem\",\"position\":1,\"name\":\"In\u00edcio\",\"item\":\"https:\\\/\\\/ecliente2.com.br\\\/site\\\/\"},{\"@type\":\"ListItem\",\"position\":2,\"name\":\"EU ME COMPROMETO: Nova rede social para assumir compromissos e receber apoio de amigos\"}]},{\"@type\":\"WebSite\",\"@id\":\"https:\\\/\\\/ecliente2.com.br\\\/site\\\/#website\",\"url\":\"https:\\\/\\\/ecliente2.com.br\\\/site\\\/\",\"name\":\"eCliente Desenvolvimento de Sites e Marketing Digital\",\"description\":\"Desenvolvimento de Sites e Software\",\"potentialAction\":[{\"@type\":\"SearchAction\",\"target\":{\"@type\":\"EntryPoint\",\"urlTemplate\":\"https:\\\/\\\/ecliente2.com.br\\\/site\\\/?s={search_term_string}\"},\"query-input\":{\"@type\":\"PropertyValueSpecification\",\"valueRequired\":true,\"valueName\":\"search_term_string\"}}],\"inLanguage\":\"pt-BR\"},{\"@type\":\"Person\",\"@id\":\"https:\\\/\\\/ecliente2.com.br\\\/site\\\/#\\\/schema\\\/person\\\/76d2c3c71a8618e6b9d05975d18a367a\",\"name\":\"Gustavo\",\"image\":{\"@type\":\"ImageObject\",\"inLanguage\":\"pt-BR\",\"@id\":\"https:\\\/\\\/secure.gravatar.com\\\/avatar\\\/12f7f6f94781037a850f5584361f6ed6a96a78bcab85748aaec76a511fc688e4?s=96&d=mm&r=g\",\"url\":\"https:\\\/\\\/secure.gravatar.com\\\/avatar\\\/12f7f6f94781037a850f5584361f6ed6a96a78bcab85748aaec76a511fc688e4?s=96&d=mm&r=g\",\"contentUrl\":\"https:\\\/\\\/secure.gravatar.com\\\/avatar\\\/12f7f6f94781037a850f5584361f6ed6a96a78bcab85748aaec76a511fc688e4?s=96&d=mm&r=g\",\"caption\":\"Gustavo\"},\"description\":\"Diretor e fundador da eCliente Tecnologia da Informa\u00e7\u00e3o. Atua na \u00e1rea de desenvolvimento de sistemas e estrat\u00e9gias em Marketing Digital. Foi professor de cursos de Gradua\u00e7\u00e3o e P\u00f3s Gradua\u00e7\u00e3o na \u00e1rea de Sistemas de Informa\u00e7\u00e3o e Administra\u00e7\u00e3o. https:\\\/\\\/www.instagram.com\\\/50bem\",\"url\":\"https:\\\/\\\/ecliente2.com.br\\\/site\\\/author\\\/admin\\\/\"}]}<\/script>\n<!-- \/ Yoast SEO plugin. -->","yoast_head_json":{"title":"EU ME COMPROMETO: Nova rede social para assumir compromissos e receber apoio de amigos - eCliente Desenvolvimento de Sites e Marketing Digital","robots":{"index":"index","follow":"follow","max-snippet":"max-snippet:-1","max-image-preview":"max-image-preview:large","max-video-preview":"max-video-preview:-1"},"canonical":"https:\/\/ecliente2.com.br\/site\/eu-comprometo-nova-rede-social-para-assumir-compromissos-e-receber-apoio-de-amigos-2\/","og_locale":"pt_BR","og_type":"article","og_title":"EU ME COMPROMETO: Nova rede social para assumir compromissos e receber apoio de amigos - eCliente Desenvolvimento de Sites e Marketing Digital","og_description":"\u00c9 sempre assim, na virada do ano assumimos alguns compromissos que nunca s\u00e3o efetivamente conclu\u00eddos, seja por falta de tempo, por descaso ou por falta de motiva\u00e7\u00e3o. Com esse foco, a eCliente Tecnologia da Informa\u00e7\u00e3o junto com o Prof. Elisson de Andrade, desenvolveu um sistema chamado &#8220;EU ME COMPROMETO.com.br&#8221;. Trata-se de uma rede social que [&hellip;]","og_url":"https:\/\/ecliente2.com.br\/site\/eu-comprometo-nova-rede-social-para-assumir-compromissos-e-receber-apoio-de-amigos-2\/","og_site_name":"eCliente Desenvolvimento de Sites e Marketing Digital","article_publisher":"https:\/\/www.facebook.com\/ecliente","article_published_time":"2014-05-19T12:13:51+00:00","og_image":[{"url":"http:\/\/ecliente2.com.br\/site\/wp-content\/uploads\/2014\/05\/foto-200x300.png","type":"","width":"","height":""}],"author":"Gustavo","twitter_misc":{"Escrito por":"Gustavo","Est. tempo de leitura":"1 minuto"},"schema":{"@context":"https:\/\/schema.org","@graph":[{"@type":"Article","@id":"https:\/\/ecliente2.com.br\/site\/eu-comprometo-nova-rede-social-para-assumir-compromissos-e-receber-apoio-de-amigos-2\/#article","isPartOf":{"@id":"https:\/\/ecliente2.com.br\/site\/eu-comprometo-nova-rede-social-para-assumir-compromissos-e-receber-apoio-de-amigos-2\/"},"author":{"name":"Gustavo","@id":"https:\/\/ecliente2.com.br\/site\/#\/schema\/person\/76d2c3c71a8618e6b9d05975d18a367a"},"headline":"EU ME COMPROMETO: Nova rede social para assumir compromissos e receber apoio de amigos","datePublished":"2014-05-19T12:13:51+00:00","mainEntityOfPage":{"@id":"https:\/\/ecliente2.com.br\/site\/eu-comprometo-nova-rede-social-para-assumir-compromissos-e-receber-apoio-de-amigos-2\/"},"wordCount":236,"commentCount":0,"image":{"@id":"https:\/\/ecliente2.com.br\/site\/eu-comprometo-nova-rede-social-para-assumir-compromissos-e-receber-apoio-de-amigos-2\/#primaryimage"},"thumbnailUrl":"http:\/\/ecliente2.com.br\/site\/wp-content\/uploads\/2014\/05\/foto-200x300.png","keywords":["compromisso publico","eu me comprometo","mudan\u00e7a de habito","rede social"],"articleSection":["Blog"],"inLanguage":"pt-BR","potentialAction":[{"@type":"CommentAction","name":"Comment","target":["https:\/\/ecliente2.com.br\/site\/eu-comprometo-nova-rede-social-para-assumir-compromissos-e-receber-apoio-de-amigos-2\/#respond"]}]},{"@type":"WebPage","@id":"https:\/\/ecliente2.com.br\/site\/eu-comprometo-nova-rede-social-para-assumir-compromissos-e-receber-apoio-de-amigos-2\/","url":"https:\/\/ecliente2.com.br\/site\/eu-comprometo-nova-rede-social-para-assumir-compromissos-e-receber-apoio-de-amigos-2\/","name":"EU ME COMPROMETO: Nova rede social para assumir compromissos e receber apoio de amigos - eCliente Desenvolvimento de Sites e Marketing Digital","isPartOf":{"@id":"https:\/\/ecliente2.com.br\/site\/#website"},"primaryImageOfPage":{"@id":"https:\/\/ecliente2.com.br\/site\/eu-comprometo-nova-rede-social-para-assumir-compromissos-e-receber-apoio-de-amigos-2\/#primaryimage"},"image":{"@id":"https:\/\/ecliente2.com.br\/site\/eu-comprometo-nova-rede-social-para-assumir-compromissos-e-receber-apoio-de-amigos-2\/#primaryimage"},"thumbnailUrl":"http:\/\/ecliente2.com.br\/site\/wp-content\/uploads\/2014\/05\/foto-200x300.png","datePublished":"2014-05-19T12:13:51+00:00","author":{"@id":"https:\/\/ecliente2.com.br\/site\/#\/schema\/person\/76d2c3c71a8618e6b9d05975d18a367a"},"breadcrumb":{"@id":"https:\/\/ecliente2.com.br\/site\/eu-comprometo-nova-rede-social-para-assumir-compromissos-e-receber-apoio-de-amigos-2\/#breadcrumb"},"inLanguage":"pt-BR","potentialAction":[{"@type":"ReadAction","target":["https:\/\/ecliente2.com.br\/site\/eu-comprometo-nova-rede-social-para-assumir-compromissos-e-receber-apoio-de-amigos-2\/"]}]},{"@type":"ImageObject","inLanguage":"pt-BR","@id":"https:\/\/ecliente2.com.br\/site\/eu-comprometo-nova-rede-social-para-assumir-compromissos-e-receber-apoio-de-amigos-2\/#primaryimage","url":"http:\/\/ecliente2.com.br\/site\/wp-content\/uploads\/2014\/05\/foto-200x300.png","contentUrl":"http:\/\/ecliente2.com.br\/site\/wp-content\/uploads\/2014\/05\/foto-200x300.png"},{"@type":"BreadcrumbList","@id":"https:\/\/ecliente2.com.br\/site\/eu-comprometo-nova-rede-social-para-assumir-compromissos-e-receber-apoio-de-amigos-2\/#breadcrumb","itemListElement":[{"@type":"ListItem","position":1,"name":"In\u00edcio","item":"https:\/\/ecliente2.com.br\/site\/"},{"@type":"ListItem","position":2,"name":"EU ME COMPROMETO: Nova rede social para assumir compromissos e receber apoio de amigos"}]},{"@type":"WebSite","@id":"https:\/\/ecliente2.com.br\/site\/#website","url":"https:\/\/ecliente2.com.br\/site\/","name":"eCliente Desenvolvimento de Sites e Marketing Digital","description":"Desenvolvimento de Sites e Software","potentialAction":[{"@type":"SearchAction","target":{"@type":"EntryPoint","urlTemplate":"https:\/\/ecliente2.com.br\/site\/?s={search_term_string}"},"query-input":{"@type":"PropertyValueSpecification","valueRequired":true,"valueName":"search_term_string"}}],"inLanguage":"pt-BR"},{"@type":"Person","@id":"https:\/\/ecliente2.com.br\/site\/#\/schema\/person\/76d2c3c71a8618e6b9d05975d18a367a","name":"Gustavo","image":{"@type":"ImageObject","inLanguage":"pt-BR","@id":"https:\/\/secure.gravatar.com\/avatar\/12f7f6f94781037a850f5584361f6ed6a96a78bcab85748aaec76a511fc688e4?s=96&d=mm&r=g","url":"https:\/\/secure.gravatar.com\/avatar\/12f7f6f94781037a850f5584361f6ed6a96a78bcab85748aaec76a511fc688e4?s=96&d=mm&r=g","contentUrl":"https:\/\/secure.gravatar.com\/avatar\/12f7f6f94781037a850f5584361f6ed6a96a78bcab85748aaec76a511fc688e4?s=96&d=mm&r=g","caption":"Gustavo"},"description":"Diretor e fundador da eCliente Tecnologia da Informa\u00e7\u00e3o. Atua na \u00e1rea de desenvolvimento de sistemas e estrat\u00e9gias em Marketing Digital. Foi professor de cursos de Gradua\u00e7\u00e3o e P\u00f3s Gradua\u00e7\u00e3o na \u00e1rea de Sistemas de Informa\u00e7\u00e3o e Administra\u00e7\u00e3o. https:\/\/www.instagram.com\/50bem","url":"https:\/\/ecliente2.com.br\/site\/author\/admin\/"}]}},"_links":{"self":[{"href":"https:\/\/ecliente2.com.br\/site\/wp-json\/wp\/v2\/posts\/1750","targetHints":{"allow":["GET"]}}],"collection":[{"href":"https:\/\/ecliente2.com.br\/site\/wp-json\/wp\/v2\/posts"}],"about":[{"href":"https:\/\/ecliente2.com.br\/site\/wp-json\/wp\/v2\/types\/post"}],"author":[{"embeddable":true,"href":"https:\/\/ecliente2.com.br\/site\/wp-json\/wp\/v2\/users\/2"}],"replies":[{"embeddable":true,"href":"https:\/\/ecliente2.com.br\/site\/wp-json\/wp\/v2\/comments?post=1750"}],"version-history":[{"count":0,"href":"https:\/\/ecliente2.com.br\/site\/wp-json\/wp\/v2\/posts\/1750\/revisions"}],"wp:attachment":[{"href":"https:\/\/ecliente2.com.br\/site\/wp-json\/wp\/v2\/media?parent=1750"}],"wp:term":[{"taxonomy":"category","embeddable":true,"href":"https:\/\/ecliente2.com.br\/site\/wp-json\/wp\/v2\/categories?post=1750"},{"taxonomy":"post_tag","embeddable":true,"href":"https:\/\/ecliente2.com.br\/site\/wp-json\/wp\/v2\/tags?post=1750"}],"curies":[{"name":"wp","href":"https:\/\/api.w.org\/{rel}","templated":true}]}}